{"id":998,"date":"2023-03-25T16:15:08","date_gmt":"2023-03-25T16:15:08","guid":{"rendered":"http:\/\/www.rod-rakowiec.pl\/?p=998"},"modified":"2023-03-25T16:16:12","modified_gmt":"2023-03-25T16:16:12","slug":"rod-rakowiec-w-radio-dla-ciebie","status":"publish","type":"post","link":"http:\/\/www.rod-rakowiec.pl\/?p=998","title":{"rendered":"ROD RAKOWIEC W RADIO DLA CIEBIE"},"content":{"rendered":"\n<p>Zapraszamy do wys\u0142uchania audycji z Norbertem D\u0105bkowskim, kt\u00f3ry w Radio dla Ciebie opowiedzia\u0142 o naszych protestach przeciwko niekorzystnym zmianom w nowych planach zagospodarowania przestrzennego.  Ca\u0142ej audycji mo\u017cna wys\u0142ucha\u0107 <strong><a href=\"https:\/\/www.rdc.pl\/podcast\/jest-sprawa_4WqzHf5d0xMG8uocYoWD?episode=KAY77PSfzHb1XKybDR8w&amp;active_page=1\">TUTAJ<\/a><\/strong>.<\/p>\n","protected":false},"excerpt":{"rendered":"<p>Zapraszamy do wys\u0142uchania audycji z Norbertem D\u0105bkowskim, kt\u00f3ry w Radio dla Ciebie opowiedzia\u0142 o naszych protestach przeciwko niekorzystnym zmianom w nowych planach zagospodarowania przestrzennego. Ca\u0142ej audycji mo\u017cna wys\u0142ucha\u0107 TUTAJ.<\/p>\n","protected":false},"author":1,"featured_media":0,"comment_status":"closed","ping_status":"closed","sticky":false,"template":"","format":"standard","meta":{"footnotes":""},"categories":[1],"tags":[],"class_list":["post-998","post","type-post","status-publish","format-standard","hentry","category-uncategorized"],"_links":{"self":[{"href":"http:\/\/www.rod-rakowiec.pl\/index.php?rest_route=\/wp\/v2\/posts\/998","targetHints":{"allow":["GET"]}}],"collection":[{"href":"http:\/\/www.rod-rakowiec.pl\/index.php?rest_route=\/wp\/v2\/posts"}],"about":[{"href":"http:\/\/www.rod-rakowiec.pl\/index.php?rest_route=\/wp\/v2\/types\/post"}],"author":[{"embeddable":true,"href":"http:\/\/www.rod-rakowiec.pl\/index.php?rest_route=\/wp\/v2\/users\/1"}],"replies":[{"embeddable":true,"href":"http:\/\/www.rod-rakowiec.pl\/index.php?rest_route=%2Fwp%2Fv2%2Fcomments&post=998"}],"version-history":[{"count":3,"href":"http:\/\/www.rod-rakowiec.pl\/index.php?rest_route=\/wp\/v2\/posts\/998\/revisions"}],"predecessor-version":[{"id":1001,"href":"http:\/\/www.rod-rakowiec.pl\/index.php?rest_route=\/wp\/v2\/posts\/998\/revisions\/1001"}],"wp:attachment":[{"href":"http:\/\/www.rod-rakowiec.pl\/index.php?rest_route=%2Fwp%2Fv2%2Fmedia&parent=998"}],"wp:term":[{"taxonomy":"category","embeddable":true,"href":"http:\/\/www.rod-rakowiec.pl\/index.php?rest_route=%2Fwp%2Fv2%2Fcategories&post=998"},{"taxonomy":"post_tag","embeddable":true,"href":"http:\/\/www.rod-rakowiec.pl\/index.php?rest_route=%2Fwp%2Fv2%2Ftags&post=998"}],"curies":[{"name":"wp","href":"https:\/\/api.w.org\/{rel}","templated":true}]}}