{"id":906,"date":"2023-02-16T10:41:59","date_gmt":"2023-02-16T10:41:59","guid":{"rendered":"http:\/\/www.rod-rakowiec.pl\/?p=906"},"modified":"2023-02-19T14:31:10","modified_gmt":"2023-02-19T14:31:10","slug":"niebezpieczne-zmiany-w-projekcie-miejscowego-planu-zagospodarowania-przestrzennego-dla-okolic-naszego-ogrodu","status":"publish","type":"post","link":"http:\/\/www.rod-rakowiec.pl\/?p=906","title":{"rendered":"Niebezpieczne zmiany w projekcie miejscowego planu zagospodarowania przestrzennego dla okolic Naszego Ogrodu"},"content":{"rendered":"\n<p><strong>Szanowni Dzia\u0142kowcy!<\/strong><\/p>\n\n\n\n<p>Urz\u0105d Miasta Warszawy przedstawi\u0142 <strong><u>projekt<\/u><\/strong> miejscowego planu zagospodarowania przestrzennego (prawo miejscowe) dla okolic Naszego Ogrodu. Mo\u017cna si\u0119 z nim zapozna\u0107 tu: https:\/\/architektura.um.warszawa.pl\/-\/jaki-plan-miejscowy-dla-obszaru-w-rejonie-ul-zwirki-i-wigury-rostafinskich-i-kulskiego<\/p>\n\n\n\n<figure class=\"wp-block-image size-large\"><a href=\"http:\/\/www.rod-rakowiec.pl\/wp-content\/uploads\/2023\/02\/IMG-4622-1-scaled.jpg\"><img loading=\"lazy\" decoding=\"async\" width=\"768\" height=\"1024\" src=\"http:\/\/www.rod-rakowiec.pl\/wp-content\/uploads\/2023\/02\/IMG-4622-1-768x1024.jpg\" alt=\"\" class=\"wp-image-910\" srcset=\"http:\/\/www.rod-rakowiec.pl\/wp-content\/uploads\/2023\/02\/IMG-4622-1-768x1024.jpg 768w, http:\/\/www.rod-rakowiec.pl\/wp-content\/uploads\/2023\/02\/IMG-4622-1-225x300.jpg 225w, http:\/\/www.rod-rakowiec.pl\/wp-content\/uploads\/2023\/02\/IMG-4622-1-1152x1536.jpg 1152w, http:\/\/www.rod-rakowiec.pl\/wp-content\/uploads\/2023\/02\/IMG-4622-1-1536x2048.jpg 1536w, http:\/\/www.rod-rakowiec.pl\/wp-content\/uploads\/2023\/02\/IMG-4622-1-scaled.jpg 1920w\" sizes=\"auto, (max-width: 767px) 89vw, (max-width: 1000px) 54vw, (max-width: 1071px) 543px, 580px\" \/><\/a><figcaption class=\"wp-element-caption\">Aleja Brzozowa<\/figcaption><\/figure>\n\n\n\n<p>Zach\u0119camy do zapoznania si\u0119 z tekstem i rysunkiem planu \u2013 stanowi to ca\u0142o\u015b\u0107.<\/p>\n\n\n\n<p>Najwa\u017cniejsze ustalenia dla ROD Rakowiec:<\/p>\n\n\n\n<ol class=\"wp-block-list\" type=\"1\">\n<li>Podzia\u0142 ogrodu na dwie cz\u0119\u015bci poprzez wydzielenie publicznego ci\u0105gu pieszego szeroko\u015bci 8 m wzd\u0142u\u017c tzw. Alei Brzozowej (alejka spacerowa wraz ze szpalerem drzew) \u2013 <strong>naruszenie struktury ogrodu istniej\u0105cej w tej formie przesz\u0142o 50 lat<\/strong><\/li>\n\n\n\n<li>Ci\u0105g pieszy publiczny oznacza\u0107 mo\u017ce ruch ca\u0142odobowy (nie mo\u017cna zamkn\u0105\u0107 furtek od ul. Rostafi\u0144skich i przed\u0142u\u017ceniu ul. Trojdena) \u2013 <strong>zagro\u017cone bezpiecze\u0144stwo dzia\u0142kowc\u00f3w<\/strong><\/li>\n\n\n\n<li>Brak mo\u017cliwo\u015bci budowy nowej altany bli\u017cej ni\u017c 10 m od ogrodzenia dzia\u0142ki \u2013 <strong>dotyczy to dzia\u0142ek przylegaj\u0105cych bezpo\u015brednio do Alei Brzozowej <\/strong>(obecnie jest to 3 m zgodnie z Regulaminem ROD)<\/li>\n\n\n\n<li>Cz\u0119\u015bciow\u0105 lub ca\u0142kowit\u0105 <strong>likwidacj\u0119 dzia\u0142ki<\/strong> le\u017c\u0105cej w pasie wydzielonego publicznego ci\u0105gu pieszego.<\/li>\n\n\n\n<li>W ci\u0105gu Alei Brzozowej znajduje si\u0119 g\u0142\u00f3wna linia zasilaj\u0105ca w wod\u0119 kwarta\u0142y dzia\u0142ek po obu stronach \u2013 <strong>konieczno\u015b\u0107 uzgodnie\u0144 z Dzielnic\u0105 mo\u017cliwo\u015bci naprawy lub wymiany jakiegokolwiek elementu przy\u0142\u0105czy<\/strong><\/li>\n\n\n\n<li>W ci\u0105gu Alei Brzozowej znajduje si\u0119 g\u0142\u00f3wna linia zasilaj\u0105ca w energi\u0119 elektryczn\u0105 kwarta\u0142y dzia\u0142ek po obu stronach \u2013 <strong>konieczno\u015b\u0107 uzgodnie\u0144 z Dzielnic\u0105 mo\u017cliwo\u015bci naprawy lub wymiany jakiegokolwiek elementu przy\u0142\u0105czy<\/strong><\/li>\n\n\n\n<li>Utrzymanie zieleni dzia\u0142kowej na pozosta\u0142ych cz\u0119\u015bciach ogrodu.<\/li>\n<\/ol>\n\n\n\n<p>Do 13 marca 2023 r. trwaj\u0105 konsultacje spo\u0142eczne. Ka\u017cdy z zainteresowanych os\u00f3b mo\u017ce wzi\u0105\u0107 udzia\u0142 w konsultacjach poprzez z\u0142o\u017cenie wniosku do projektu planu. Nale\u017cy wype\u0142ni\u0107 i przes\u0142a\u0107 wniosek ze swoimi uwagami. Wniosek dost\u0119pny jest na wymienionej wy\u017cej stronie internetowej.<\/p>\n\n\n\n<p>Zach\u0119camy do wzi\u0119cia udzia\u0142u w konsultacjach spo\u0142ecznych.<\/p>\n\n\n\n<p>&nbsp;&nbsp;&nbsp;&nbsp;&nbsp;&nbsp;&nbsp;&nbsp;&nbsp;&nbsp;&nbsp;&nbsp;&nbsp;&nbsp;&nbsp;&nbsp;&nbsp;&nbsp;&nbsp;&nbsp;&nbsp;&nbsp;&nbsp;&nbsp;&nbsp;&nbsp;&nbsp;&nbsp;&nbsp;&nbsp;&nbsp;&nbsp;&nbsp;&nbsp;&nbsp;&nbsp;&nbsp;&nbsp;&nbsp;&nbsp;&nbsp;&nbsp;&nbsp;&nbsp;&nbsp;&nbsp;&nbsp;&nbsp;&nbsp;&nbsp;&nbsp;&nbsp;&nbsp;&nbsp;&nbsp;&nbsp;&nbsp;&nbsp;&nbsp;&nbsp;&nbsp;&nbsp;&nbsp;&nbsp;&nbsp;&nbsp;&nbsp;&nbsp;&nbsp;&nbsp;&nbsp;&nbsp;&nbsp;&nbsp;&nbsp;&nbsp;&nbsp;&nbsp;&nbsp;&nbsp;&nbsp;&nbsp;&nbsp;&nbsp;&nbsp;&nbsp;&nbsp;&nbsp;&nbsp;&nbsp;&nbsp;&nbsp;&nbsp;&nbsp;&nbsp;&nbsp;&nbsp;&nbsp;&nbsp;&nbsp;&nbsp;&nbsp;&nbsp;&nbsp;&nbsp;&nbsp;&nbsp;&nbsp;&nbsp; Zarz\u0105d ROD Rakowiec<\/p>\n","protected":false},"excerpt":{"rendered":"<p>Szanowni Dzia\u0142kowcy! Urz\u0105d Miasta Warszawy przedstawi\u0142 projekt miejscowego planu zagospodarowania przestrzennego (prawo miejscowe) dla okolic Naszego Ogrodu. Mo\u017cna si\u0119 z nim zapozna\u0107 tu: https:\/\/architektura.um.warszawa.pl\/-\/jaki-plan-miejscowy-dla-obszaru-w-rejonie-ul-zwirki-i-wigury-rostafinskich-i-kulskiego Zach\u0119camy do zapoznania si\u0119 z tekstem i rysunkiem planu \u2013 stanowi to ca\u0142o\u015b\u0107. Najwa\u017cniejsze ustalenia dla ROD Rakowiec: Do 13 marca 2023 r. trwaj\u0105 konsultacje spo\u0142eczne. Ka\u017cdy z zainteresowanych os\u00f3b mo\u017ce &hellip; <\/p>\n<p class=\"link-more\"><a href=\"http:\/\/www.rod-rakowiec.pl\/?p=906\" class=\"more-link\">Czytaj dalej<span class=\"screen-reader-text\"> \u201eNiebezpieczne zmiany w projekcie miejscowego planu zagospodarowania przestrzennego dla okolic Naszego Ogrodu\u201d<\/span><\/a><\/p>\n","protected":false},"author":1,"featured_media":0,"comment_status":"closed","ping_status":"closed","sticky":false,"template":"","format":"standard","meta":{"footnotes":""},"categories":[1],"tags":[],"class_list":["post-906","post","type-post","status-publish","format-standard","hentry","category-uncategorized"],"_links":{"self":[{"href":"http:\/\/www.rod-rakowiec.pl\/index.php?rest_route=\/wp\/v2\/posts\/906","targetHints":{"allow":["GET"]}}],"collection":[{"href":"http:\/\/www.rod-rakowiec.pl\/index.php?rest_route=\/wp\/v2\/posts"}],"about":[{"href":"http:\/\/www.rod-rakowiec.pl\/index.php?rest_route=\/wp\/v2\/types\/post"}],"author":[{"embeddable":true,"href":"http:\/\/www.rod-rakowiec.pl\/index.php?rest_route=\/wp\/v2\/users\/1"}],"replies":[{"embeddable":true,"href":"http:\/\/www.rod-rakowiec.pl\/index.php?rest_route=%2Fwp%2Fv2%2Fcomments&post=906"}],"version-history":[{"count":5,"href":"http:\/\/www.rod-rakowiec.pl\/index.php?rest_route=\/wp\/v2\/posts\/906\/revisions"}],"predecessor-version":[{"id":914,"href":"http:\/\/www.rod-rakowiec.pl\/index.php?rest_route=\/wp\/v2\/posts\/906\/revisions\/914"}],"wp:attachment":[{"href":"http:\/\/www.rod-rakowiec.pl\/index.php?rest_route=%2Fwp%2Fv2%2Fmedia&parent=906"}],"wp:term":[{"taxonomy":"category","embeddable":true,"href":"http:\/\/www.rod-rakowiec.pl\/index.php?rest_route=%2Fwp%2Fv2%2Fcategories&post=906"},{"taxonomy":"post_tag","embeddable":true,"href":"http:\/\/www.rod-rakowiec.pl\/index.php?rest_route=%2Fwp%2Fv2%2Ftags&post=906"}],"curies":[{"name":"wp","href":"https:\/\/api.w.org\/{rel}","templated":true}]}}