{"id":860,"date":"2022-12-19T11:02:29","date_gmt":"2022-12-19T11:02:29","guid":{"rendered":"http:\/\/www.rod-rakowiec.pl\/?p=860"},"modified":"2023-12-22T14:28:29","modified_gmt":"2023-12-22T14:28:29","slug":"wesolych-swiat-i-szczesliwego-nowego-roku-2","status":"publish","type":"post","link":"http:\/\/www.rod-rakowiec.pl\/?p=860","title":{"rendered":"<a href=\"http:\/\/www.rod-rakowiec.pl\/?p=719\">Weso\u0142ych \u015awi\u0105t i Szcz\u0119\u015bliwego Nowego Roku!<\/a>"},"content":{"rendered":"\n<p>Wszystkim Dzia\u0142kowcom z okazji \u015awi\u0105t Bo\u017cego Narodzenia oraz nadchodz\u0105cego Nowego Roku chcieliby\u015bmy przekaza\u0107 najserdeczniejsze \u017cyczenia zdrowia, rodzinnego ciep\u0142a i nadziei. Oby ten \u015bwi\u0105teczny czas obfitowa\u0142 w chwile pe\u0142ne serdeczno\u015bci i rado\u015bci, za\u015b Rok 2023 by\u0142 dla nas \u0142askawszy, przynosz\u0105c spok\u00f3j i wytchnienie. <\/p>\n\n\n\n<p>Zarz\u0105d<\/p>\n\n\n\n<p>ROD Rakowiec<\/p>\n\n\n\n<figure class=\"wp-block-image size-full\"><a href=\"http:\/\/www.rod-rakowiec.pl\/wp-content\/uploads\/2022\/12\/tadeusz_popiel_pierwsza_gwiazdka.jpg\"><img loading=\"lazy\" decoding=\"async\" width=\"431\" height=\"650\" src=\"http:\/\/www.rod-rakowiec.pl\/wp-content\/uploads\/2022\/12\/tadeusz_popiel_pierwsza_gwiazdka.jpg\" alt=\"\" class=\"wp-image-861\" srcset=\"http:\/\/www.rod-rakowiec.pl\/wp-content\/uploads\/2022\/12\/tadeusz_popiel_pierwsza_gwiazdka.jpg 431w, http:\/\/www.rod-rakowiec.pl\/wp-content\/uploads\/2022\/12\/tadeusz_popiel_pierwsza_gwiazdka-199x300.jpg 199w\" sizes=\"auto, (max-width: 431px) 100vw, 431px\" \/><\/a><\/figure>\n\n\n\n<p><\/p>\n","protected":false},"excerpt":{"rendered":"<p>Wszystkim Dzia\u0142kowcom z okazji \u015awi\u0105t Bo\u017cego Narodzenia oraz nadchodz\u0105cego Nowego Roku chcieliby\u015bmy przekaza\u0107 najserdeczniejsze \u017cyczenia zdrowia, rodzinnego ciep\u0142a i nadziei. Oby ten \u015bwi\u0105teczny czas obfitowa\u0142 w chwile pe\u0142ne serdeczno\u015bci i rado\u015bci, za\u015b Rok 2023 by\u0142 dla nas \u0142askawszy, przynosz\u0105c spok\u00f3j i wytchnienie. Zarz\u0105d ROD Rakowiec<\/p>\n","protected":false},"author":1,"featured_media":0,"comment_status":"closed","ping_status":"closed","sticky":false,"template":"","format":"standard","meta":{"footnotes":""},"categories":[1],"tags":[],"class_list":["post-860","post","type-post","status-publish","format-standard","hentry","category-uncategorized"],"_links":{"self":[{"href":"http:\/\/www.rod-rakowiec.pl\/index.php?rest_route=\/wp\/v2\/posts\/860","targetHints":{"allow":["GET"]}}],"collection":[{"href":"http:\/\/www.rod-rakowiec.pl\/index.php?rest_route=\/wp\/v2\/posts"}],"about":[{"href":"http:\/\/www.rod-rakowiec.pl\/index.php?rest_route=\/wp\/v2\/types\/post"}],"author":[{"embeddable":true,"href":"http:\/\/www.rod-rakowiec.pl\/index.php?rest_route=\/wp\/v2\/users\/1"}],"replies":[{"embeddable":true,"href":"http:\/\/www.rod-rakowiec.pl\/index.php?rest_route=%2Fwp%2Fv2%2Fcomments&post=860"}],"version-history":[{"count":3,"href":"http:\/\/www.rod-rakowiec.pl\/index.php?rest_route=\/wp\/v2\/posts\/860\/revisions"}],"predecessor-version":[{"id":1279,"href":"http:\/\/www.rod-rakowiec.pl\/index.php?rest_route=\/wp\/v2\/posts\/860\/revisions\/1279"}],"wp:attachment":[{"href":"http:\/\/www.rod-rakowiec.pl\/index.php?rest_route=%2Fwp%2Fv2%2Fmedia&parent=860"}],"wp:term":[{"taxonomy":"category","embeddable":true,"href":"http:\/\/www.rod-rakowiec.pl\/index.php?rest_route=%2Fwp%2Fv2%2Fcategories&post=860"},{"taxonomy":"post_tag","embeddable":true,"href":"http:\/\/www.rod-rakowiec.pl\/index.php?rest_route=%2Fwp%2Fv2%2Ftags&post=860"}],"curies":[{"name":"wp","href":"https:\/\/api.w.org\/{rel}","templated":true}]}}