{"id":775,"date":"2022-07-14T04:42:05","date_gmt":"2022-07-14T04:42:05","guid":{"rendered":"http:\/\/www.rod-rakowiec.pl\/?p=775"},"modified":"2022-07-14T04:42:05","modified_gmt":"2022-07-14T04:42:05","slug":"dbajmy-o-alejki","status":"publish","type":"post","link":"http:\/\/www.rod-rakowiec.pl\/?p=775","title":{"rendered":"Dbajmy o alejki!"},"content":{"rendered":"\n<p>Zarz\u0105d Rodzinnego Ogrodu Dzia\u0142kowego \u201eRakowiec\u201d przypomina o obowi\u0105zku przestrzegania zapis\u00f3w Regulaminu , w tym \u00a7 34 o tre\u015bci: \u201eZabrania si\u0119 zw\u0119\u017cania ci\u0105g\u00f3w komunikacyjnych (alejek i dr\u00f3g ogrodowych), zw\u0142aszcza poprzez nieuprawnione sadzenie drzew, krzew\u00f3w lub innych ro\u015blin\u201d i wzywa do uporz\u0105dkowania terenu dzia\u0142ek poprzez obci\u0119cie ga\u0142\u0119zi drzew\/krzew\u00f3w przechodz\u0105cych na alejki wsp\u00f3lne stanowi\u0105ce teren og\u00f3lny ROD w terminie do 15 sierpnia 2022 r.<br \/>Przerastaj\u0105ce ga\u0142\u0119zie uniemo\u017cliwiaj\u0105 swobodne przej\u015bcie alejk\u0105 oraz stwarzaj\u0105 zagro\u017cenie dla zdrowia i \u017cycia dzia\u0142kowc\u00f3w, os\u00f3b odwiedzaj\u0105cych nasz Ogr\u00f3d oraz pracownik\u00f3w dozoru, kt\u00f3rzy z uwagi na przemieszczanie si\u0119 po terenie Ogrodu na rowerach s\u0105 szczeg\u00f3lnie nara\u017ceni na zderzenie z ga\u0142\u0119ziami, co grozi uszkodzeniem cia\u0142a.<br \/>Jednocze\u015bnie Zarz\u0105d ROD Rakowiec uprzedza, \u017ce w przypadku nie obci\u0119cia ga\u0142\u0119zi przechodz\u0105cych na aleje ogrodowe w wyznaczonym terminie wykonanie tej czynno\u015bci zostanie powierzone firmie zewn\u0119trznej \u2013 zgodnie z Uchwa\u0142\u0105 nr 17 Konferencji Delegat\u00f3w z dnia 7 listopada 2021 r., a kosztami tej us\u0142ugi Zarz\u0105d obci\u0105\u017cy dzia\u0142kowc\u00f3w.<\/p>\n","protected":false},"excerpt":{"rendered":"<p>Zarz\u0105d Rodzinnego Ogrodu Dzia\u0142kowego \u201eRakowiec\u201d przypomina o obowi\u0105zku przestrzegania zapis\u00f3w Regulaminu , w tym \u00a7 34 o tre\u015bci: \u201eZabrania si\u0119 zw\u0119\u017cania ci\u0105g\u00f3w komunikacyjnych (alejek i dr\u00f3g ogrodowych), zw\u0142aszcza poprzez nieuprawnione sadzenie drzew, krzew\u00f3w lub innych ro\u015blin\u201d i wzywa do uporz\u0105dkowania terenu dzia\u0142ek poprzez obci\u0119cie ga\u0142\u0119zi drzew\/krzew\u00f3w przechodz\u0105cych na alejki wsp\u00f3lne stanowi\u0105ce teren og\u00f3lny ROD w &hellip; <\/p>\n<p class=\"link-more\"><a href=\"http:\/\/www.rod-rakowiec.pl\/?p=775\" class=\"more-link\">Czytaj dalej<span class=\"screen-reader-text\"> \u201eDbajmy o alejki!\u201d<\/span><\/a><\/p>\n","protected":false},"author":1,"featured_media":0,"comment_status":"closed","ping_status":"closed","sticky":false,"template":"","format":"standard","meta":{"footnotes":""},"categories":[1],"tags":[],"class_list":["post-775","post","type-post","status-publish","format-standard","hentry","category-uncategorized"],"_links":{"self":[{"href":"http:\/\/www.rod-rakowiec.pl\/index.php?rest_route=\/wp\/v2\/posts\/775","targetHints":{"allow":["GET"]}}],"collection":[{"href":"http:\/\/www.rod-rakowiec.pl\/index.php?rest_route=\/wp\/v2\/posts"}],"about":[{"href":"http:\/\/www.rod-rakowiec.pl\/index.php?rest_route=\/wp\/v2\/types\/post"}],"author":[{"embeddable":true,"href":"http:\/\/www.rod-rakowiec.pl\/index.php?rest_route=\/wp\/v2\/users\/1"}],"replies":[{"embeddable":true,"href":"http:\/\/www.rod-rakowiec.pl\/index.php?rest_route=%2Fwp%2Fv2%2Fcomments&post=775"}],"version-history":[{"count":1,"href":"http:\/\/www.rod-rakowiec.pl\/index.php?rest_route=\/wp\/v2\/posts\/775\/revisions"}],"predecessor-version":[{"id":776,"href":"http:\/\/www.rod-rakowiec.pl\/index.php?rest_route=\/wp\/v2\/posts\/775\/revisions\/776"}],"wp:attachment":[{"href":"http:\/\/www.rod-rakowiec.pl\/index.php?rest_route=%2Fwp%2Fv2%2Fmedia&parent=775"}],"wp:term":[{"taxonomy":"category","embeddable":true,"href":"http:\/\/www.rod-rakowiec.pl\/index.php?rest_route=%2Fwp%2Fv2%2Fcategories&post=775"},{"taxonomy":"post_tag","embeddable":true,"href":"http:\/\/www.rod-rakowiec.pl\/index.php?rest_route=%2Fwp%2Fv2%2Ftags&post=775"}],"curies":[{"name":"wp","href":"https:\/\/api.w.org\/{rel}","templated":true}]}}