{"id":761,"date":"2022-06-15T16:47:12","date_gmt":"2022-06-15T16:47:12","guid":{"rendered":"http:\/\/www.rod-rakowiec.pl\/?p=761"},"modified":"2022-06-15T16:47:12","modified_gmt":"2022-06-15T16:47:12","slug":"konkurs-krajowy-najpiekniejsza-dzialka-roku-2022","status":"publish","type":"post","link":"http:\/\/www.rod-rakowiec.pl\/?p=761","title":{"rendered":"Konkurs krajowy \u201eNajpi\u0119kniejsza Dzia\u0142ka Roku 2022\u201d"},"content":{"rendered":"\n<p><strong>Krajowy Zarz\u0105d PZD na podstawie uchwa\u0142y nr 263\/2022 z dnia 9 czerwca 2022 r. og\u0142asza konkurs krajowy pn. \u201eNajpi\u0119kniejsza Dzia\u0142ka Roku 2022\u201d.<\/strong><\/p>\n\n\n\n<p>Konkurs przeznaczony jest dla wszystkich dzia\u0142kowc\u00f3w posiadaj\u0105cych prawo do dzia\u0142ki w rodzinnym ogrodzie dzia\u0142kowym zrzeszonym w PZD.<\/p>\n\n\n\n<p>Zgodnie z Regulaminem konkursu, zg\u0142oszenie udzia\u0142u nast\u0119puje poprzez z\u0142o\u017cenie:<\/p>\n\n\n\n<ol class=\"wp-block-list\"><li>Wype\u0142nionego i podpisanego \u201e<em>Formularz<\/em>&nbsp;<em>zg\u0142oszenia do Konkursu Krajowego Konkursu \u201eNajpi\u0119kniejsza Dzia\u0142ka Roku 2022\u201d<\/em>.<\/li><li>Dokumentacji fotograficznej opisanej zgodnie z wykazem uj\u0119tym w formularzu.<\/li><li>Podpisanego przez uczestnika konkursu \u201dO\u015bwiadczenia uczestnika Krajowego Konkursu&nbsp;<em>Najpi\u0119kniejsza Dzia\u0142ka Roku &nbsp;2022\u201d<\/em>.<\/li><\/ol>\n\n\n\n<p>Zg\u0142oszenia przesy\u0142a\u0107 nale\u017cy za po\u015brednictwem poczty tradycyjnej lub na adres e-mail:&nbsp;<a href=\"mailto:konkurskz.dzialka@pzd.pl\">konkurskz.dzialka@pzd.pl<\/a><\/p>\n\n\n\n<p><strong>Termin przesy\u0142ania zg\u0142osze\u0144 do konkursu up\u0142ywa dnia 31 lipca 2022 r.&nbsp;<\/strong><\/p>\n\n\n\n<p>Krajowy Zarz\u0105d PZD na podstawie oceny i&nbsp;wniosk\u00f3w Komisji Konkursowej, dokona rozstrzygni\u0119cia konkursu i ustali list\u0119 jego laureat\u00f3w oraz os\u00f3b wyr\u00f3\u017cnionych w konkursie&nbsp; w terminie do 16 sierpnia 2022 r.<\/p>\n\n\n\n<p>Wyniki konkursu zostan\u0105 og\u0142oszone w trakcie Krajowych Dni Dzia\u0142kowca 2022 opublikowane w Biuletynie Informacyjnym, miesi\u0119czniku \u201edzia\u0142kowiec\u201d, wydawnictwach zwi\u0105zkowych oraz w&nbsp;mediach spo\u0142eczno\u015bciowych i na stronie internetowej PZD.<\/p>\n\n\n\n<p>Krajowy Zarz\u0105d PZD zdecydowa\u0142, \u017ce nagrodami w konkursie b\u0119d\u0105:<\/p>\n\n\n\n<p>1)&nbsp;&nbsp;&nbsp; I miejsce&nbsp; &#8211;&nbsp; nagroda pieni\u0119\u017cna w wysoko\u015bci 4 000 z\u0142;<\/p>\n\n\n\n<p>2)&nbsp;&nbsp;&nbsp; II miejsce &#8211;&nbsp; nagroda pieni\u0119\u017cna w wysoko\u015bci 3 000 z\u0142;<\/p>\n\n\n\n<p>3)&nbsp;&nbsp;&nbsp; III miejsce &#8211; nagroda pieni\u0119\u017cna w wysoko\u015bci 2 000 z\u0142;<\/p>\n\n\n\n<p>4)&nbsp;&nbsp;&nbsp; Wyr\u00f3\u017cnienie \u2013nagroda pieni\u0119\u017cna w wysoko\u015bci 1 000 z\u0142.<\/p>\n\n\n\n<p>Opr\u00f3cz nagr\u00f3d pieni\u0119\u017cnych, osoby nagrodzone miejscem I-III otrzymaj\u0105 puchary konkursowe, a wszyscy uczestnicy konkursu dyplomy konkursowe i roczn\u0105 prenumerat\u0119 miesi\u0119cznika \u201edzia\u0142kowiec\u201d.<\/p>\n\n\n\n<p>Zdj\u0119cia nagrodzonych dzia\u0142ek zostan\u0105 opublikowane na stronach internetowych PZD, Biuletynie Informacyjnym oraz w wydawnictwach PZD.<\/p>\n\n\n\n<p><strong>Krajowy Zarz\u0105d<\/strong><\/p>\n\n\n\n<p><strong>Polskiego Zwi\u0105zku Dzia\u0142kowc\u00f3w<\/strong><\/p>\n\n\n\n<p>Za\u0142\u0105czniki:<\/p>\n\n\n\n<ol class=\"wp-block-list\"><li><a href=\"http:\/\/pzd.pl\/uploads\/renata\/Uchwa%C5%82a%20KZ%20263.pdf\" target=\"_blank\" rel=\"noreferrer noopener\">Uchwa\u0142a Krajowego Zarz\u0105du PZD nr 263\/2022 z dnia 9 czerwca 2022 r. w sprawie og\u0142oszenia konkursu krajowego pn. \u201eNajpi\u0119kniejsza dzia\u0142ka Roku 2022\u201d.<\/a><\/li><li><a href=\"http:\/\/pzd.pl\/uploads\/Renata2\/za%C5%82%20nr%201%20-%20Regulamin%20konkursu%20Najpi%C4%99kniejsza%20dzia%C5%82ka.pdf\" target=\"_blank\" rel=\"noreferrer noopener\">Regulamin konkursu.<\/a><\/li><li><a href=\"http:\/\/pzd.pl\/uploads\/Renata2\/za%C5%82.%20nr%202%20-%20Formularz%20zg%C5%82oszenia.docx\" target=\"_blank\" rel=\"noreferrer noopener\">Formularz zg\u0142oszeniowy.<\/a><\/li><li><a href=\"http:\/\/pzd.pl\/uploads\/Renata2\/za%C5%82.%20nr%203%20-%20O%C5%9Bwiadczenie%20uczestnika%20konkursu.docx\" target=\"_blank\" rel=\"noreferrer noopener\">O\u015bwiadczenie uczestnika konkursu.<\/a><\/li><\/ol>\n","protected":false},"excerpt":{"rendered":"<p>Krajowy Zarz\u0105d PZD na podstawie uchwa\u0142y nr 263\/2022 z dnia 9 czerwca 2022 r. og\u0142asza konkurs krajowy pn. \u201eNajpi\u0119kniejsza Dzia\u0142ka Roku 2022\u201d. Konkurs przeznaczony jest dla wszystkich dzia\u0142kowc\u00f3w posiadaj\u0105cych prawo do dzia\u0142ki w rodzinnym ogrodzie dzia\u0142kowym zrzeszonym w PZD. Zgodnie z Regulaminem konkursu, zg\u0142oszenie udzia\u0142u nast\u0119puje poprzez z\u0142o\u017cenie: Wype\u0142nionego i podpisanego \u201eFormularz&nbsp;zg\u0142oszenia do Konkursu Krajowego &hellip; <\/p>\n<p class=\"link-more\"><a href=\"http:\/\/www.rod-rakowiec.pl\/?p=761\" class=\"more-link\">Czytaj dalej<span class=\"screen-reader-text\"> \u201eKonkurs krajowy \u201eNajpi\u0119kniejsza Dzia\u0142ka Roku 2022\u201d\u201d<\/span><\/a><\/p>\n","protected":false},"author":1,"featured_media":0,"comment_status":"closed","ping_status":"closed","sticky":false,"template":"","format":"standard","meta":{"footnotes":""},"categories":[1],"tags":[],"class_list":["post-761","post","type-post","status-publish","format-standard","hentry","category-uncategorized"],"_links":{"self":[{"href":"http:\/\/www.rod-rakowiec.pl\/index.php?rest_route=\/wp\/v2\/posts\/761","targetHints":{"allow":["GET"]}}],"collection":[{"href":"http:\/\/www.rod-rakowiec.pl\/index.php?rest_route=\/wp\/v2\/posts"}],"about":[{"href":"http:\/\/www.rod-rakowiec.pl\/index.php?rest_route=\/wp\/v2\/types\/post"}],"author":[{"embeddable":true,"href":"http:\/\/www.rod-rakowiec.pl\/index.php?rest_route=\/wp\/v2\/users\/1"}],"replies":[{"embeddable":true,"href":"http:\/\/www.rod-rakowiec.pl\/index.php?rest_route=%2Fwp%2Fv2%2Fcomments&post=761"}],"version-history":[{"count":1,"href":"http:\/\/www.rod-rakowiec.pl\/index.php?rest_route=\/wp\/v2\/posts\/761\/revisions"}],"predecessor-version":[{"id":762,"href":"http:\/\/www.rod-rakowiec.pl\/index.php?rest_route=\/wp\/v2\/posts\/761\/revisions\/762"}],"wp:attachment":[{"href":"http:\/\/www.rod-rakowiec.pl\/index.php?rest_route=%2Fwp%2Fv2%2Fmedia&parent=761"}],"wp:term":[{"taxonomy":"category","embeddable":true,"href":"http:\/\/www.rod-rakowiec.pl\/index.php?rest_route=%2Fwp%2Fv2%2Fcategories&post=761"},{"taxonomy":"post_tag","embeddable":true,"href":"http:\/\/www.rod-rakowiec.pl\/index.php?rest_route=%2Fwp%2Fv2%2Ftags&post=761"}],"curies":[{"name":"wp","href":"https:\/\/api.w.org\/{rel}","templated":true}]}}