{"id":624,"date":"2020-03-29T08:32:38","date_gmt":"2020-03-29T08:32:38","guid":{"rendered":"http:\/\/www.rod-rakowiec.pl\/?p=624"},"modified":"2020-03-29T08:32:38","modified_gmt":"2020-03-29T08:32:38","slug":"624","status":"publish","type":"post","link":"http:\/\/www.rod-rakowiec.pl\/?p=624","title":{"rendered":""},"content":{"rendered":"\n<h2><span style=\"color: red\"><b><center>PRZYPOMINAMY<\/center><\/b><\/span><\/h2>\n\n\n\n<span style=\"color: red\"><p>W zwi\u0105zku z og\u0142oszeniem stanu epidemii na terenie ca\u0142ego kraju \u2013 dy\u017cury zarz\u0105du wstrzymane s\u0105 do odwo\u0142ania, a ogr\u00f3d dzia\u0142kowy RAKOWIEC zostaje <strong>ogrodem zamkni\u0119tym do odwo\u0142ania.<\/strong><\/p><\/span>\n\n\n\n<p>Podstawa prawna tego dzia\u0142ania to dwie uchwa\u0142y PZD: uchwa\u0142a nr 60\/2020 z dnia 26 marca 2020r. w szczeg\u00f3lno\u015bci paragraf 1 podpunkty 1 i 2 w brzmieniu:<\/p>\n\n\n\n<span style=\"color: red\"><p>\u201eWprowadzi\u0107 ograniczenia w sposobie funkcjonowania ROD, w ten spos\u00f3b, \u017ce w okresie od dnia 25 marca 2020r. do dnia 11 kwietnia 2020r.:<\/p><\/span>\n\n\n\n<span style=\"color: red\"><ol><li>uprawnionym do pobytu na dzia\u0142ce w ROD jest wy\u0142\u0105cznie dzia\u0142kowiec oraz (za jego zgod\u0105) osoby najbli\u017csze, w rozumieniu art.115 paragraf 11 ustawy z dnia 6 czerwca 1997r. &#8211; Kodeks karny, tj. ma\u0142\u017conek dzia\u0142kowca, jego wst\u0119pny, zst\u0119pny, rodze\u0144stwo, powinowaty w tej samej linii lub stopniu, osoba pozostaj\u0105ca w stosunku przysposobienia oraz jej ma\u0142\u017conek, a tak\u017ce osoba pozostaj\u0105ca we wsp\u00f3lnym po\u017cyciu,<\/li><li>wy\u0142\u0105czeniu z bezpo\u015bredniego u\u017cytkowania przez indywidualnych dzia\u0142kowc\u00f3w lub osoby trzecie, podlegaj\u0105 tereny wsp\u00f3lne i infrastruktura ROD, w szczeg\u00f3lno\u015bci place zabaw, si\u0142ownie plenerowe, \u015bwietlice itp., za wyj\u0105tkiem wykorzystania alei ogrodowych lub innych teren\u00f3w wsp\u00f3lnych ROD w zakresie, w jakim jest to konieczne dla dotarcia do indywidualnej dzia\u0142ki przez osoby uprawnione zgodnie z ptk.1)<\/li><\/ol><\/span>\n\n\n\n<p>oraz uchwa\u0142a numer 71\/2020, w szczeg\u00f3lno\u015bci paragraf 7 punkt 1 w brzmieniu:<\/p>\n\n\n\n<span style=\"color: red\"><p>\u201eWobec obowi\u0105zuj\u0105cych ogranicze\u0144 co do przemieszczania si\u0119 ludno\u015bci, zarz\u0105dy ROD wprowadz\u0105 na czas trwania stanu epidemii niezb\u0119dne ograniczenia w dost\u0119pie do terenu ROD, kt\u00f3re zapewniaj\u0105 zminimalizowanie ilo\u015bci os\u00f3b korzystaj\u0105cych z ROD i dzia\u0142ek. Dotyczy to w szczeg\u00f3lno\u015bci ograniczenia w dost\u0119pno\u015bci dla os\u00f3b spoza grona dzia\u0142kowc\u00f3w i ich najbli\u017cszych rodzin.\u201d<\/p><\/span>\n\n\n\n<p>Pe\u0142ne teksty ustaw dost\u0119pne s\u0105 na stronie PZD pod tymi odno\u015bnikami:<\/p>\n\n\n\n<p><a href=\"http:\/\/pzd.pl\/uploads\/cgblog\/id23940\/uchwala_KZ_PZD_60.2020_z_dn._26.03.2020.pdf\">http:\/\/pzd.pl\/uploads\/cgblog\/id23940\/uchwala_KZ_PZD_60.2020_z_dn._26.03.2020.pdf<\/a><\/p>\n\n\n\n<p>oraz<\/p>\n\n\n\n<p><a href=\"http:\/\/pzd.pl\/uploads\/cgblog\/id23941\/uchwala_KZ_PZD_71.2020_z_dn._27.03.2020.pdf\">http:\/\/pzd.pl\/uploads\/cgblog\/id23941\/uchwala_KZ_PZD_71.2020_z_dn._27.03.2020.pdf<\/a><\/p>\n\n\n\n<p><br \/><\/p>\n","protected":false},"excerpt":{"rendered":"<p>PRZYPOMINAMY W zwi\u0105zku z og\u0142oszeniem stanu epidemii na terenie ca\u0142ego kraju \u2013 dy\u017cury zarz\u0105du wstrzymane s\u0105 do odwo\u0142ania, a ogr\u00f3d dzia\u0142kowy RAKOWIEC zostaje ogrodem zamkni\u0119tym do odwo\u0142ania. Podstawa prawna tego dzia\u0142ania to dwie uchwa\u0142y PZD: uchwa\u0142a nr 60\/2020 z dnia 26 marca 2020r. w szczeg\u00f3lno\u015bci paragraf 1 podpunkty 1 i 2 w brzmieniu: \u201eWprowadzi\u0107 ograniczenia &hellip; <\/p>\n<p class=\"link-more\"><a href=\"http:\/\/www.rod-rakowiec.pl\/?p=624\" class=\"more-link\">Czytaj dalej<span class=\"screen-reader-text\"> \u201e\u201d<\/span><\/a><\/p>\n","protected":false},"author":1,"featured_media":0,"comment_status":"closed","ping_status":"closed","sticky":false,"template":"","format":"standard","meta":{"footnotes":""},"categories":[1],"tags":[],"class_list":["post-624","post","type-post","status-publish","format-standard","hentry","category-uncategorized"],"_links":{"self":[{"href":"http:\/\/www.rod-rakowiec.pl\/index.php?rest_route=\/wp\/v2\/posts\/624","targetHints":{"allow":["GET"]}}],"collection":[{"href":"http:\/\/www.rod-rakowiec.pl\/index.php?rest_route=\/wp\/v2\/posts"}],"about":[{"href":"http:\/\/www.rod-rakowiec.pl\/index.php?rest_route=\/wp\/v2\/types\/post"}],"author":[{"embeddable":true,"href":"http:\/\/www.rod-rakowiec.pl\/index.php?rest_route=\/wp\/v2\/users\/1"}],"replies":[{"embeddable":true,"href":"http:\/\/www.rod-rakowiec.pl\/index.php?rest_route=%2Fwp%2Fv2%2Fcomments&post=624"}],"version-history":[{"count":4,"href":"http:\/\/www.rod-rakowiec.pl\/index.php?rest_route=\/wp\/v2\/posts\/624\/revisions"}],"predecessor-version":[{"id":628,"href":"http:\/\/www.rod-rakowiec.pl\/index.php?rest_route=\/wp\/v2\/posts\/624\/revisions\/628"}],"wp:attachment":[{"href":"http:\/\/www.rod-rakowiec.pl\/index.php?rest_route=%2Fwp%2Fv2%2Fmedia&parent=624"}],"wp:term":[{"taxonomy":"category","embeddable":true,"href":"http:\/\/www.rod-rakowiec.pl\/index.php?rest_route=%2Fwp%2Fv2%2Fcategories&post=624"},{"taxonomy":"post_tag","embeddable":true,"href":"http:\/\/www.rod-rakowiec.pl\/index.php?rest_route=%2Fwp%2Fv2%2Ftags&post=624"}],"curies":[{"name":"wp","href":"https:\/\/api.w.org\/{rel}","templated":true}]}}