{"id":613,"date":"2020-03-23T14:12:25","date_gmt":"2020-03-23T14:12:25","guid":{"rendered":"http:\/\/www.rod-rakowiec.pl\/?p=613"},"modified":"2020-03-23T14:13:56","modified_gmt":"2020-03-23T14:13:56","slug":"613","status":"publish","type":"post","link":"http:\/\/www.rod-rakowiec.pl\/?p=613","title":{"rendered":""},"content":{"rendered":"\n<h2><span style=\"color: red\"><center>ZAWIADOMIENIE<\/center><\/span><\/h2>\n\n\n\n<span style=\"color: red\">W zwi\u0105zku z og\u0142oszeniem stanu epidemii na terenie ca\u0142ego kraju &#8211; ogr\u00f3d dzia\u0142kowy RAKOWIEC zostaje <u><b>ogrodem zamkni\u0119tym do odwo\u0142ania<\/b><\/u><\/span>\n\n\n\n<p><\/p>\n\n\n\n<span style=\"color: red\"><p>U\u017cytkownicy dzia\u0142ek w ogrodzie zobowi\u0105zani s\u0105 do otwierania i zamykania na klczu furtek wej\u015bciowych na teren ogrodu, a tak\u017ce nie wpuszczania os\u00f3b postronnych.<\/p><\/span>\n\n\n\n<span style=\"color: red\"><p style=\"text-align:right\" \"color:=\"\" red\"=\"\">Zarz\u0105d ROD RAKOWIEC w Warszawie<\/p><\/span>\n","protected":false},"excerpt":{"rendered":"<p>ZAWIADOMIENIE W zwi\u0105zku z og\u0142oszeniem stanu epidemii na terenie ca\u0142ego kraju &#8211; ogr\u00f3d dzia\u0142kowy RAKOWIEC zostaje ogrodem zamkni\u0119tym do odwo\u0142ania U\u017cytkownicy dzia\u0142ek w ogrodzie zobowi\u0105zani s\u0105 do otwierania i zamykania na klczu furtek wej\u015bciowych na teren ogrodu, a tak\u017ce nie wpuszczania os\u00f3b postronnych. Zarz\u0105d ROD RAKOWIEC w Warszawie<\/p>\n","protected":false},"author":1,"featured_media":0,"comment_status":"closed","ping_status":"closed","sticky":false,"template":"","format":"standard","meta":{"footnotes":""},"categories":[1],"tags":[],"class_list":["post-613","post","type-post","status-publish","format-standard","hentry","category-uncategorized"],"_links":{"self":[{"href":"http:\/\/www.rod-rakowiec.pl\/index.php?rest_route=\/wp\/v2\/posts\/613","targetHints":{"allow":["GET"]}}],"collection":[{"href":"http:\/\/www.rod-rakowiec.pl\/index.php?rest_route=\/wp\/v2\/posts"}],"about":[{"href":"http:\/\/www.rod-rakowiec.pl\/index.php?rest_route=\/wp\/v2\/types\/post"}],"author":[{"embeddable":true,"href":"http:\/\/www.rod-rakowiec.pl\/index.php?rest_route=\/wp\/v2\/users\/1"}],"replies":[{"embeddable":true,"href":"http:\/\/www.rod-rakowiec.pl\/index.php?rest_route=%2Fwp%2Fv2%2Fcomments&post=613"}],"version-history":[{"count":7,"href":"http:\/\/www.rod-rakowiec.pl\/index.php?rest_route=\/wp\/v2\/posts\/613\/revisions"}],"predecessor-version":[{"id":623,"href":"http:\/\/www.rod-rakowiec.pl\/index.php?rest_route=\/wp\/v2\/posts\/613\/revisions\/623"}],"wp:attachment":[{"href":"http:\/\/www.rod-rakowiec.pl\/index.php?rest_route=%2Fwp%2Fv2%2Fmedia&parent=613"}],"wp:term":[{"taxonomy":"category","embeddable":true,"href":"http:\/\/www.rod-rakowiec.pl\/index.php?rest_route=%2Fwp%2Fv2%2Fcategories&post=613"},{"taxonomy":"post_tag","embeddable":true,"href":"http:\/\/www.rod-rakowiec.pl\/index.php?rest_route=%2Fwp%2Fv2%2Ftags&post=613"}],"curies":[{"name":"wp","href":"https:\/\/api.w.org\/{rel}","templated":true}]}}