{"id":595,"date":"2020-03-11T11:50:48","date_gmt":"2020-03-11T11:50:48","guid":{"rendered":"http:\/\/www.rod-rakowiec.pl\/?p=595"},"modified":"2020-03-11T15:09:21","modified_gmt":"2020-03-11T15:09:21","slug":"595","status":"publish","type":"post","link":"http:\/\/www.rod-rakowiec.pl\/?p=595","title":{"rendered":""},"content":{"rendered":"\n<h2 class=\"wp-block-heading\"><center><strong><span style=\"color: red\">KOMUNIKAT<\/span><\/strong><\/center><\/h2>\n\n\n\n<h2 class=\"wp-block-heading\"><center><span style=\"color: red\"><strong>Odwo\u0142anie Walnego Zebrania Sprawozdawczego <\/strong><\/span><\/center><\/h2>\n\n\n\n<p>Szanowni Pa\u0144stwo, <\/p>\n\n\n\n<p>Na podstawie decyzji Zarz\u0105du Krajowego PZD z dnia 11 marca 2020 roku &#8211; uchwa\u0142a nr 44\/2020 z dnia 11 marca 2020 &#8211; wszystkie walne zebrania sprawozdawcze za 2019 rok ulegaj\u0105 przesuni\u0119ciu na termin do dnia 31 lipca 2020 roku, <\/p>\n\n\n\n<span style=\"color: red\"><p>Tym samym walne zebranie ROD RAKOWIEC w dniu 21 marca 2020r. ulega odwo\u0142aniu. O nowym terminie b\u0119dzie odpowiednia informacja. Zaliczki z tytu\u0142u op\u0142at ogrodowych w 2020 roku b\u0119d\u0105 pobierane w wysoko\u015bci wynikaj\u0105cej w uchwa\u0142 walnych zebra\u0144 podj\u0119tych w 2019 roku.<\/p><\/span>\n\n\n\n<p>O nowym terminie poinformujemy w p\u00f3\u017aniejszym czasie. <\/p>\n\n\n\n<p style=\"text-align:right\">Z powa\u017caniem &#8211; Zarz\u0105d ROD Rakowiec<\/p>\n","protected":false},"excerpt":{"rendered":"<p>KOMUNIKAT Odwo\u0142anie Walnego Zebrania Sprawozdawczego Szanowni Pa\u0144stwo, Na podstawie decyzji Zarz\u0105du Krajowego PZD z dnia 11 marca 2020 roku &#8211; uchwa\u0142a nr 44\/2020 z dnia 11 marca 2020 &#8211; wszystkie walne zebrania sprawozdawcze za 2019 rok ulegaj\u0105 przesuni\u0119ciu na termin do dnia 31 lipca 2020 roku, Tym samym walne zebranie ROD RAKOWIEC w dniu 21 &hellip; <\/p>\n<p class=\"link-more\"><a href=\"http:\/\/www.rod-rakowiec.pl\/?p=595\" class=\"more-link\">Czytaj dalej<span class=\"screen-reader-text\"> \u201e\u201d<\/span><\/a><\/p>\n","protected":false},"author":1,"featured_media":0,"comment_status":"closed","ping_status":"closed","sticky":false,"template":"","format":"standard","meta":{"footnotes":""},"categories":[1],"tags":[],"class_list":["post-595","post","type-post","status-publish","format-standard","hentry","category-uncategorized"],"_links":{"self":[{"href":"http:\/\/www.rod-rakowiec.pl\/index.php?rest_route=\/wp\/v2\/posts\/595","targetHints":{"allow":["GET"]}}],"collection":[{"href":"http:\/\/www.rod-rakowiec.pl\/index.php?rest_route=\/wp\/v2\/posts"}],"about":[{"href":"http:\/\/www.rod-rakowiec.pl\/index.php?rest_route=\/wp\/v2\/types\/post"}],"author":[{"embeddable":true,"href":"http:\/\/www.rod-rakowiec.pl\/index.php?rest_route=\/wp\/v2\/users\/1"}],"replies":[{"embeddable":true,"href":"http:\/\/www.rod-rakowiec.pl\/index.php?rest_route=%2Fwp%2Fv2%2Fcomments&post=595"}],"version-history":[{"count":10,"href":"http:\/\/www.rod-rakowiec.pl\/index.php?rest_route=\/wp\/v2\/posts\/595\/revisions"}],"predecessor-version":[{"id":607,"href":"http:\/\/www.rod-rakowiec.pl\/index.php?rest_route=\/wp\/v2\/posts\/595\/revisions\/607"}],"wp:attachment":[{"href":"http:\/\/www.rod-rakowiec.pl\/index.php?rest_route=%2Fwp%2Fv2%2Fmedia&parent=595"}],"wp:term":[{"taxonomy":"category","embeddable":true,"href":"http:\/\/www.rod-rakowiec.pl\/index.php?rest_route=%2Fwp%2Fv2%2Fcategories&post=595"},{"taxonomy":"post_tag","embeddable":true,"href":"http:\/\/www.rod-rakowiec.pl\/index.php?rest_route=%2Fwp%2Fv2%2Ftags&post=595"}],"curies":[{"name":"wp","href":"https:\/\/api.w.org\/{rel}","templated":true}]}}