{"id":565,"date":"2019-09-23T09:00:46","date_gmt":"2019-09-23T09:00:46","guid":{"rendered":"http:\/\/www.rod-rakowiec.pl\/?p=565"},"modified":"2019-09-23T09:00:46","modified_gmt":"2019-09-23T09:00:46","slug":"jesienny-przeglad-dzialek","status":"publish","type":"post","link":"http:\/\/www.rod-rakowiec.pl\/?p=565","title":{"rendered":"JESIENNY PRZEGL\u0104D DZIA\u0141EK"},"content":{"rendered":"<h1 style=\"text-align: center;\"><strong>UWAGA<\/strong><\/h1>\n<p>W sobot\u0119, dniu 5 pa\u017adziernika 2019 roku od godz. 10.00 (przypadku ulewnego deszczu- w niedziel\u0119 6 pa\u017adziernika 2019r.), odb\u0119dzie si\u0119 jesienny przegl\u0105d dzia\u0142ek.<\/p>\n<p>Komisje b\u0119d\u0105 zwraca\u0142y uwag\u0119 na porz\u0105dek i estetyczny wygl\u0105d dzia\u0142ek,<br \/>\na szczeg\u00f3lna uwaga b\u0119dzie zwr\u00f3cona na uporz\u0105dkowanie \u015bcie\u017cek przed dzia\u0142kami. Wszystkie przero\u015bni\u0119te poza ogrodzenie ga\u0142\u0119zie winny by\u0107 bezwzgl\u0119dnie usuni\u0119te.<\/p>\n<p>Obecno\u015b\u0107 dzia\u0142kowc\u00f3w na dzia\u0142kach w czasie przegl\u0105du bardzo wskazana &#8211; pozwoli to na bie\u017c\u0105ce wyja\u015bnienie w\u0105tpliwo\u015bci do oceny dzia\u0142ki.<\/p>\n<p style=\"text-align: right;\">Pozdrawia Zarz\u0105d ROD Rakowiec<\/p>\n","protected":false},"excerpt":{"rendered":"<p>UWAGA W sobot\u0119, dniu 5 pa\u017adziernika 2019 roku od godz. 10.00 (przypadku ulewnego deszczu- w niedziel\u0119 6 pa\u017adziernika 2019r.), odb\u0119dzie si\u0119 jesienny przegl\u0105d dzia\u0142ek. Komisje b\u0119d\u0105 zwraca\u0142y uwag\u0119 na porz\u0105dek i estetyczny wygl\u0105d dzia\u0142ek, a szczeg\u00f3lna uwaga b\u0119dzie zwr\u00f3cona na uporz\u0105dkowanie \u015bcie\u017cek przed dzia\u0142kami. Wszystkie przero\u015bni\u0119te poza ogrodzenie ga\u0142\u0119zie winny by\u0107 bezwzgl\u0119dnie usuni\u0119te. Obecno\u015b\u0107 dzia\u0142kowc\u00f3w &hellip; <\/p>\n<p class=\"link-more\"><a href=\"http:\/\/www.rod-rakowiec.pl\/?p=565\" class=\"more-link\">Czytaj dalej<span class=\"screen-reader-text\"> \u201eJESIENNY PRZEGL\u0104D DZIA\u0141EK\u201d<\/span><\/a><\/p>\n","protected":false},"author":1,"featured_media":0,"comment_status":"closed","ping_status":"closed","sticky":false,"template":"","format":"standard","meta":{"footnotes":""},"categories":[1],"tags":[],"class_list":["post-565","post","type-post","status-publish","format-standard","hentry","category-uncategorized"],"_links":{"self":[{"href":"http:\/\/www.rod-rakowiec.pl\/index.php?rest_route=\/wp\/v2\/posts\/565","targetHints":{"allow":["GET"]}}],"collection":[{"href":"http:\/\/www.rod-rakowiec.pl\/index.php?rest_route=\/wp\/v2\/posts"}],"about":[{"href":"http:\/\/www.rod-rakowiec.pl\/index.php?rest_route=\/wp\/v2\/types\/post"}],"author":[{"embeddable":true,"href":"http:\/\/www.rod-rakowiec.pl\/index.php?rest_route=\/wp\/v2\/users\/1"}],"replies":[{"embeddable":true,"href":"http:\/\/www.rod-rakowiec.pl\/index.php?rest_route=%2Fwp%2Fv2%2Fcomments&post=565"}],"version-history":[{"count":1,"href":"http:\/\/www.rod-rakowiec.pl\/index.php?rest_route=\/wp\/v2\/posts\/565\/revisions"}],"predecessor-version":[{"id":566,"href":"http:\/\/www.rod-rakowiec.pl\/index.php?rest_route=\/wp\/v2\/posts\/565\/revisions\/566"}],"wp:attachment":[{"href":"http:\/\/www.rod-rakowiec.pl\/index.php?rest_route=%2Fwp%2Fv2%2Fmedia&parent=565"}],"wp:term":[{"taxonomy":"category","embeddable":true,"href":"http:\/\/www.rod-rakowiec.pl\/index.php?rest_route=%2Fwp%2Fv2%2Fcategories&post=565"},{"taxonomy":"post_tag","embeddable":true,"href":"http:\/\/www.rod-rakowiec.pl\/index.php?rest_route=%2Fwp%2Fv2%2Ftags&post=565"}],"curies":[{"name":"wp","href":"https:\/\/api.w.org\/{rel}","templated":true}]}}