{"id":551,"date":"2019-09-06T08:04:14","date_gmt":"2019-09-06T08:04:14","guid":{"rendered":"http:\/\/www.rod-rakowiec.pl\/?p=551"},"modified":"2019-09-06T08:08:25","modified_gmt":"2019-09-06T08:08:25","slug":"zaproszenie-na-piknik-dzialkowca-14-15-wrzesnia","status":"publish","type":"post","link":"http:\/\/www.rod-rakowiec.pl\/?p=551","title":{"rendered":"Piknik Dzia\u0142kowca 14- 15 wrze\u015bnia"},"content":{"rendered":"<h2><a href=\"http:\/\/www.rod-rakowiec.pl\/wp-content\/uploads\/2019\/09\/thumbnail_DSC02657.jpg\"><img loading=\"lazy\" decoding=\"async\" class=\"aligncenter wp-image-554 size-full\" src=\"http:\/\/www.rod-rakowiec.pl\/wp-content\/uploads\/2019\/09\/thumbnail_DSC02657.jpg\" alt=\"\" width=\"1280\" height=\"960\" srcset=\"http:\/\/www.rod-rakowiec.pl\/wp-content\/uploads\/2019\/09\/thumbnail_DSC02657.jpg 1280w, http:\/\/www.rod-rakowiec.pl\/wp-content\/uploads\/2019\/09\/thumbnail_DSC02657-300x225.jpg 300w, http:\/\/www.rod-rakowiec.pl\/wp-content\/uploads\/2019\/09\/thumbnail_DSC02657-768x576.jpg 768w, http:\/\/www.rod-rakowiec.pl\/wp-content\/uploads\/2019\/09\/thumbnail_DSC02657-1024x768.jpg 1024w\" sizes=\"auto, (max-width: 767px) 89vw, (max-width: 1000px) 54vw, (max-width: 1071px) 543px, 580px\" \/><\/a><\/h2>\n<h2><strong>Drodzy Dzia\u0142kowicze,<\/strong><\/h2>\n<p><strong><span style=\"color: #003300;\">W dniach 14 i 15 wrze\u015bnia 2019 roku,<\/span><\/strong> <strong>od godz. 10-ej<\/strong> odb\u0119dzie si\u0119 piknik w ramach Dnia Dzia\u0142<span class=\"markeszdohe0m\" data-markjs=\"true\" data-ogac=\"\" data-ogab=\"\" data-ogsc=\"\" data-ogsb=\"\">k<\/span>owca.<\/p>\n<p>W programie pikniku:<\/p>\n<ul>\n<li><span style=\"color: #003300;\"><strong>Wr\u0119czenie dyplom\u00f3w za\u00a0 wyr\u00f3\u017cniaj\u0105ce si\u0119 dzia\u0142<span class=\"markeszdohe0m\" data-markjs=\"true\" data-ogac=\"\" data-ogab=\"\" data-ogsc=\"\" data-ogsb=\"\">k<\/span>i, <\/strong><\/span><\/li>\n<li><span style=\"color: #003300;\"><strong>Wystawa fotograficzna pomnik\u00f3w przyrody w ROD Rakowiec w W-wie,<\/strong><\/span><\/li>\n<li><span style=\"color: #003300;\"><strong>Mo\u017cliwo\u015b\u0107 zakupu miod\u00f3w tegorocznych, <\/strong><\/span><\/li>\n<li><span style=\"color: #003300;\"><strong>Zbi\u00f3rka elektro\u015bmieci do podstawionych przez firm\u0119 Ekon <span class=\"markeszdohe0m\" data-markjs=\"true\" data-ogac=\"\" data-ogab=\"\" data-ogsc=\"\" data-ogsb=\"\">k<\/span>ontener\u00f3w, <\/strong><\/span><\/li>\n<li><span style=\"color: #003300;\"><strong>Pocz\u0119stunek z grila. <\/strong><\/span><\/li>\n<\/ul>\n<p>Impreza odbywa\u0107 si\u0119 b\u0119dzie na terenie ROD, przed budynkiem zarz\u0105du ogrodu od ul. Rostafi\u0144skich.<\/p>\n<p>Serdecznie zapraszamy wszystkich dzia\u0142<span class=\"markeszdohe0m\" data-markjs=\"true\" data-ogac=\"\" data-ogab=\"\" data-ogsc=\"\" data-ogsb=\"\">k<\/span>owc\u00f3w i mieszka\u0144c\u00f3w Warszawy.<\/p>\n<p style=\"text-align: right;\"><span style=\"color: #003300;\"><strong>Zarz\u0105d ROD Rakowiec w Warszawie.<\/strong><\/span><\/p>\n","protected":false},"excerpt":{"rendered":"<p>Drodzy Dzia\u0142kowicze, W dniach 14 i 15 wrze\u015bnia 2019 roku, od godz. 10-ej odb\u0119dzie si\u0119 piknik w ramach Dnia Dzia\u0142kowca. W programie pikniku: Wr\u0119czenie dyplom\u00f3w za\u00a0 wyr\u00f3\u017cniaj\u0105ce si\u0119 dzia\u0142ki, Wystawa fotograficzna pomnik\u00f3w przyrody w ROD Rakowiec w W-wie, Mo\u017cliwo\u015b\u0107 zakupu miod\u00f3w tegorocznych, Zbi\u00f3rka elektro\u015bmieci do podstawionych przez firm\u0119 Ekon kontener\u00f3w, Pocz\u0119stunek z grila. Impreza odbywa\u0107 &hellip; <\/p>\n<p class=\"link-more\"><a href=\"http:\/\/www.rod-rakowiec.pl\/?p=551\" class=\"more-link\">Czytaj dalej<span class=\"screen-reader-text\"> \u201ePiknik Dzia\u0142kowca 14- 15 wrze\u015bnia\u201d<\/span><\/a><\/p>\n","protected":false},"author":1,"featured_media":0,"comment_status":"closed","ping_status":"closed","sticky":false,"template":"","format":"standard","meta":{"footnotes":""},"categories":[1],"tags":[],"class_list":["post-551","post","type-post","status-publish","format-standard","hentry","category-uncategorized"],"_links":{"self":[{"href":"http:\/\/www.rod-rakowiec.pl\/index.php?rest_route=\/wp\/v2\/posts\/551","targetHints":{"allow":["GET"]}}],"collection":[{"href":"http:\/\/www.rod-rakowiec.pl\/index.php?rest_route=\/wp\/v2\/posts"}],"about":[{"href":"http:\/\/www.rod-rakowiec.pl\/index.php?rest_route=\/wp\/v2\/types\/post"}],"author":[{"embeddable":true,"href":"http:\/\/www.rod-rakowiec.pl\/index.php?rest_route=\/wp\/v2\/users\/1"}],"replies":[{"embeddable":true,"href":"http:\/\/www.rod-rakowiec.pl\/index.php?rest_route=%2Fwp%2Fv2%2Fcomments&post=551"}],"version-history":[{"count":4,"href":"http:\/\/www.rod-rakowiec.pl\/index.php?rest_route=\/wp\/v2\/posts\/551\/revisions"}],"predecessor-version":[{"id":555,"href":"http:\/\/www.rod-rakowiec.pl\/index.php?rest_route=\/wp\/v2\/posts\/551\/revisions\/555"}],"wp:attachment":[{"href":"http:\/\/www.rod-rakowiec.pl\/index.php?rest_route=%2Fwp%2Fv2%2Fmedia&parent=551"}],"wp:term":[{"taxonomy":"category","embeddable":true,"href":"http:\/\/www.rod-rakowiec.pl\/index.php?rest_route=%2Fwp%2Fv2%2Fcategories&post=551"},{"taxonomy":"post_tag","embeddable":true,"href":"http:\/\/www.rod-rakowiec.pl\/index.php?rest_route=%2Fwp%2Fv2%2Ftags&post=551"}],"curies":[{"name":"wp","href":"https:\/\/api.w.org\/{rel}","templated":true}]}}