{"id":549,"date":"2019-06-17T07:32:59","date_gmt":"2019-06-17T07:32:59","guid":{"rendered":"http:\/\/www.rod-rakowiec.pl\/?p=549"},"modified":"2019-06-17T07:32:59","modified_gmt":"2019-06-17T07:32:59","slug":"lato-seniora-2019-w-rod-rakowiec","status":"publish","type":"post","link":"http:\/\/www.rod-rakowiec.pl\/?p=549","title":{"rendered":"Lato seniora 2019 w ROD &#8222;Rakowiec&#8221;"},"content":{"rendered":"<p><span style=\"color: #ff0000;\"><a href=\"http:\/\/www.rod-rakowiec.pl\/wp-content\/uploads\/2017\/06\/Obraz28.jpg\"><img loading=\"lazy\" decoding=\"async\" class=\" wp-image-346 alignleft\" src=\"http:\/\/www.rod-rakowiec.pl\/wp-content\/uploads\/2017\/06\/Obraz28-300x226.jpg\" alt=\"\" width=\"219\" height=\"165\" srcset=\"http:\/\/www.rod-rakowiec.pl\/wp-content\/uploads\/2017\/06\/Obraz28-300x226.jpg 300w, http:\/\/www.rod-rakowiec.pl\/wp-content\/uploads\/2017\/06\/Obraz28-768x579.jpg 768w, http:\/\/www.rod-rakowiec.pl\/wp-content\/uploads\/2017\/06\/Obraz28-1024x772.jpg 1024w, http:\/\/www.rod-rakowiec.pl\/wp-content\/uploads\/2017\/06\/Obraz28.jpg 1583w\" sizes=\"auto, (max-width: 219px) 100vw, 219px\" \/><\/a>Uprzejme informujemy o rozpocz\u0119ciu wczas\u00f3w dla senior\u00f3w PKPS na terenie naszego Ogrodu. <\/span><\/p>\n<p><span style=\"color: #ff0000;\">Turnus b\u0119dzie trwa\u0142 dwa tygodnie &#8211; w terminie od 1 do 12 lipca 2019r. w\u0142\u0105cznie.<\/span><\/p>\n<p><strong><span style=\"color: #ff0000;\">W czasie trwania turnusu jest mo\u017cliwo\u015b\u0107 zam\u00f3wienia przez dzia\u0142kowc\u00f3w obiadu z wcze\u015bniejszym zg\u0142oszeniem do godziny 10-ej w biurze Zarz\u0105du u przedstawiciela PKPS.<\/span><\/strong><\/p>\n<p style=\"text-align: right;\"><em><strong>Zarz\u0105d ROD RAKOWIEC<\/strong><\/em><\/p>\n","protected":false},"excerpt":{"rendered":"<p>Uprzejme informujemy o rozpocz\u0119ciu wczas\u00f3w dla senior\u00f3w PKPS na terenie naszego Ogrodu. Turnus b\u0119dzie trwa\u0142 dwa tygodnie &#8211; w terminie od 1 do 12 lipca 2019r. w\u0142\u0105cznie. W czasie trwania turnusu jest mo\u017cliwo\u015b\u0107 zam\u00f3wienia przez dzia\u0142kowc\u00f3w obiadu z wcze\u015bniejszym zg\u0142oszeniem do godziny 10-ej w biurze Zarz\u0105du u przedstawiciela PKPS. Zarz\u0105d ROD RAKOWIEC<\/p>\n","protected":false},"author":1,"featured_media":0,"comment_status":"closed","ping_status":"closed","sticky":false,"template":"","format":"standard","meta":{"footnotes":""},"categories":[1],"tags":[],"class_list":["post-549","post","type-post","status-publish","format-standard","hentry","category-uncategorized"],"_links":{"self":[{"href":"http:\/\/www.rod-rakowiec.pl\/index.php?rest_route=\/wp\/v2\/posts\/549","targetHints":{"allow":["GET"]}}],"collection":[{"href":"http:\/\/www.rod-rakowiec.pl\/index.php?rest_route=\/wp\/v2\/posts"}],"about":[{"href":"http:\/\/www.rod-rakowiec.pl\/index.php?rest_route=\/wp\/v2\/types\/post"}],"author":[{"embeddable":true,"href":"http:\/\/www.rod-rakowiec.pl\/index.php?rest_route=\/wp\/v2\/users\/1"}],"replies":[{"embeddable":true,"href":"http:\/\/www.rod-rakowiec.pl\/index.php?rest_route=%2Fwp%2Fv2%2Fcomments&post=549"}],"version-history":[{"count":1,"href":"http:\/\/www.rod-rakowiec.pl\/index.php?rest_route=\/wp\/v2\/posts\/549\/revisions"}],"predecessor-version":[{"id":550,"href":"http:\/\/www.rod-rakowiec.pl\/index.php?rest_route=\/wp\/v2\/posts\/549\/revisions\/550"}],"wp:attachment":[{"href":"http:\/\/www.rod-rakowiec.pl\/index.php?rest_route=%2Fwp%2Fv2%2Fmedia&parent=549"}],"wp:term":[{"taxonomy":"category","embeddable":true,"href":"http:\/\/www.rod-rakowiec.pl\/index.php?rest_route=%2Fwp%2Fv2%2Fcategories&post=549"},{"taxonomy":"post_tag","embeddable":true,"href":"http:\/\/www.rod-rakowiec.pl\/index.php?rest_route=%2Fwp%2Fv2%2Ftags&post=549"}],"curies":[{"name":"wp","href":"https:\/\/api.w.org\/{rel}","templated":true}]}}