{"id":537,"date":"2019-05-29T13:57:33","date_gmt":"2019-05-29T13:57:33","guid":{"rendered":"http:\/\/www.rod-rakowiec.pl\/?p=537"},"modified":"2019-05-29T13:57:33","modified_gmt":"2019-05-29T13:57:33","slug":"wazny-komunikat","status":"publish","type":"post","link":"http:\/\/www.rod-rakowiec.pl\/?p=537","title":{"rendered":"WA\u017bNY KOMUNIKAT"},"content":{"rendered":"<h1 style=\"text-align: center;\"><strong>WA\u017bNY KOMUNIKAT!\u00a0<\/strong><\/h1>\n<p style=\"text-align: center;\"><strong><span style=\"color: #003366;\">W czerwcu, lipcu i sierpniu 2019r.w podanych ni\u017cej terminach na dzia\u0142kach odb\u0119d\u0105 si\u0119 przegl\u0105dy uk\u0142ad\u00f3w pomiarowych (licznik\u00f3w energii elektrycznej)<\/span><\/strong><\/p>\n<p style=\"text-align: center;\"><span style=\"color: #ff0000;\">DZIA\u0141KI<\/span> nr 26,483\u2013512,515\u2013519 &gt;<span style=\"color: #ff0000;\">1 i 2 czerwca godz.9-17<\/span><\/p>\n<p style=\"text-align: center;\"><span style=\"color: #ff0000;\">DZIA\u0141KI<\/span> nr 1 \u2013 49 &gt;<span style=\"color: #ff0000;\">8 i 9 czerwca godz. 9 \u2013 17<\/span><\/p>\n<p style=\"text-align: center;\"><span style=\"color: #ff0000;\">DZIA\u0141KI<\/span>nr 50 \u2013 95a &gt;<span style=\"color: #ff0000;\">15 i 16 czerwca godz. 9 \u2013 17<\/span><\/p>\n<p style=\"text-align: center;\"><span style=\"color: #ff0000;\">DZIA\u0141KI<\/span>nr 96 \u2013 143 &gt;<span style=\"color: #ff0000;\">22 i 23 czerwca godz. 9 \u2013 17<\/span><\/p>\n<p style=\"text-align: center;\"><span style=\"color: #ff0000;\">DZIA\u0141KI<\/span> nr 144 \u2013 179 &gt;<span style=\"color: #ff0000;\">29 i 30 czerwca godz.9 \u2013 17<\/span><\/p>\n<p style=\"text-align: center;\"><span style=\"color: #ff0000;\">DZIA\u0141KI<\/span> nr 180 \u2013 229a &gt;<span style=\"color: #ff0000;\">6 i 7 lipca godz. 9 \u2013 17<\/span><\/p>\n<p style=\"text-align: center;\"><span style=\"color: #ff0000;\">DZIA\u0141KI<\/span> nr 230 \u2013 275 &gt;<span style=\"color: #ff0000;\">13 i 14 lipca godz. 9 \u2013 17<\/span><\/p>\n<p style=\"text-align: center;\"><span style=\"color: #ff0000;\">DZIA\u0141KI<\/span> nr 276\u2013323,513,514 &gt;<span style=\"color: #ff0000;\">20 i 21 lipca godz.9-17<\/span><\/p>\n<p style=\"text-align: center;\"><span style=\"color: #ff0000;\">DZIA\u0141KI<\/span> nr 324 \u2013 379 &gt;<span style=\"color: #ff0000;\">27 i 28 lipca godz.9 \u2013 17<\/span><\/p>\n<p style=\"text-align: center;\"><span style=\"color: #ff0000;\">DZIA\u0141KI<\/span>nr 380\u2013435 i 459 &gt;<span style=\"color: #ff0000;\">3 i 4 sierpnia godz. 9-17<\/span><\/p>\n<p style=\"text-align: center;\"><span style=\"color: #ff0000;\">DZIA\u0141KI<\/span>nr 436 \u2013 482 &gt;<span style=\"color: #ff0000;\">10 i 11 sierpnia godz. 9 \u2013 17.<\/span><\/p>\n<h2 style=\"text-align: center;\"><span style=\"color: #000000;\"><strong>Obecno\u015b\u0107 na dzia\u0142kach w w\/w terminach przegl\u0105du jest obowi\u0105zkowa\u00a0(\u00a7 74 ust.1 Regulaminu ROD)<\/strong><\/span><\/h2>\n<p style=\"text-align: right;\"><strong>Zarz\u0105d ROD RAKOWIEC<\/strong><\/p>\n","protected":false},"excerpt":{"rendered":"<p>WA\u017bNY KOMUNIKAT!\u00a0 W czerwcu, lipcu i sierpniu 2019r.w podanych ni\u017cej terminach na dzia\u0142kach odb\u0119d\u0105 si\u0119 przegl\u0105dy uk\u0142ad\u00f3w pomiarowych (licznik\u00f3w energii elektrycznej) DZIA\u0141KI nr 26,483\u2013512,515\u2013519 &gt;1 i 2 czerwca godz.9-17 DZIA\u0141KI nr 1 \u2013 49 &gt;8 i 9 czerwca godz. 9 \u2013 17 DZIA\u0141KInr 50 \u2013 95a &gt;15 i 16 czerwca godz. 9 \u2013 17 DZIA\u0141KInr &hellip; <\/p>\n<p class=\"link-more\"><a href=\"http:\/\/www.rod-rakowiec.pl\/?p=537\" class=\"more-link\">Czytaj dalej<span class=\"screen-reader-text\"> \u201eWA\u017bNY KOMUNIKAT\u201d<\/span><\/a><\/p>\n","protected":false},"author":1,"featured_media":0,"comment_status":"closed","ping_status":"closed","sticky":false,"template":"","format":"standard","meta":{"footnotes":""},"categories":[1],"tags":[],"class_list":["post-537","post","type-post","status-publish","format-standard","hentry","category-uncategorized"],"_links":{"self":[{"href":"http:\/\/www.rod-rakowiec.pl\/index.php?rest_route=\/wp\/v2\/posts\/537","targetHints":{"allow":["GET"]}}],"collection":[{"href":"http:\/\/www.rod-rakowiec.pl\/index.php?rest_route=\/wp\/v2\/posts"}],"about":[{"href":"http:\/\/www.rod-rakowiec.pl\/index.php?rest_route=\/wp\/v2\/types\/post"}],"author":[{"embeddable":true,"href":"http:\/\/www.rod-rakowiec.pl\/index.php?rest_route=\/wp\/v2\/users\/1"}],"replies":[{"embeddable":true,"href":"http:\/\/www.rod-rakowiec.pl\/index.php?rest_route=%2Fwp%2Fv2%2Fcomments&post=537"}],"version-history":[{"count":1,"href":"http:\/\/www.rod-rakowiec.pl\/index.php?rest_route=\/wp\/v2\/posts\/537\/revisions"}],"predecessor-version":[{"id":538,"href":"http:\/\/www.rod-rakowiec.pl\/index.php?rest_route=\/wp\/v2\/posts\/537\/revisions\/538"}],"wp:attachment":[{"href":"http:\/\/www.rod-rakowiec.pl\/index.php?rest_route=%2Fwp%2Fv2%2Fmedia&parent=537"}],"wp:term":[{"taxonomy":"category","embeddable":true,"href":"http:\/\/www.rod-rakowiec.pl\/index.php?rest_route=%2Fwp%2Fv2%2Fcategories&post=537"},{"taxonomy":"post_tag","embeddable":true,"href":"http:\/\/www.rod-rakowiec.pl\/index.php?rest_route=%2Fwp%2Fv2%2Ftags&post=537"}],"curies":[{"name":"wp","href":"https:\/\/api.w.org\/{rel}","templated":true}]}}