{"id":503,"date":"2019-04-16T17:43:47","date_gmt":"2019-04-16T17:43:47","guid":{"rendered":"http:\/\/www.rod-rakowiec.pl\/?p=503"},"modified":"2019-04-16T18:07:10","modified_gmt":"2019-04-16T18:07:10","slug":"segregacja-smieci-od-1-maja-2019-roku","status":"publish","type":"post","link":"http:\/\/www.rod-rakowiec.pl\/?p=503","title":{"rendered":"SEGREGACJA \u015aMIECI OD 1 MAJA 2019 ROKU"},"content":{"rendered":"<h1 style=\"text-align: left;\"><b><a href=\"http:\/\/www.rod-rakowiec.pl\/wp-content\/uploads\/2019\/04\/daylight-environment-flora-1230157.jpg\"><img loading=\"lazy\" decoding=\"async\" class=\"aligncenter wp-image-504\" src=\"http:\/\/www.rod-rakowiec.pl\/wp-content\/uploads\/2019\/04\/daylight-environment-flora-1230157-300x196.jpg\" alt=\"\" width=\"600\" height=\"391\" srcset=\"http:\/\/www.rod-rakowiec.pl\/wp-content\/uploads\/2019\/04\/daylight-environment-flora-1230157-300x196.jpg 300w, http:\/\/www.rod-rakowiec.pl\/wp-content\/uploads\/2019\/04\/daylight-environment-flora-1230157-768x501.jpg 768w, http:\/\/www.rod-rakowiec.pl\/wp-content\/uploads\/2019\/04\/daylight-environment-flora-1230157-1024x668.jpg 1024w\" sizes=\"auto, (max-width: 600px) 100vw, 600px\" \/><\/a><\/b><b><\/b><\/h1>\n<h1 style=\"text-align: center;\"><b>Na terenie\u00a0ROD RAKOWIEC\u00a0<span style=\"color: #ff0000;\"><br \/>\nod 1 maja 2019 roku<\/span> obowi\u0105zywa\u0107 b\u0119dzie segregacja odpad\u00f3w na:<\/b><\/h1>\n<h2><span style=\"color: #008000;\">ODPADY ZIELONE (<\/span><b>tj. li\u015bcie, skoszona trawa i rozdrobnione ga\u0142\u0119zie)<\/b><\/h2>\n<p><b>Do tych odpad\u00f3w\u00a0<\/b><span style=\"text-decoration: underline; color: #ff0000;\">nie wolno wrzuca\u0107<\/span> :\u00a0<b>\u00a0<\/b><\/p>\n<ul>\n<li><b>kamieni, <\/b><\/li>\n<li><b>popio\u0142u, <\/b><\/li>\n<li><b>ziemi.<\/b><\/li>\n<\/ul>\n<h2><span style=\"color: #000000;\">ODPADY MIESZANE<\/span><span style=\"color: #666666; font-size: 1.25rem;\"> (\u00a0<\/span><b style=\"color: #666666; font-size: 1.25rem;\">tj. odpady pozosta\u0142e)<\/b><\/h2>\n<p><b>Do tych odpad\u00f3w <\/b><span style=\"color: #ff0000;\"><span style=\"text-decoration: underline;\">nie wolno wrzuca\u0107<\/span>:<\/span><b> <\/b><\/p>\n<ul>\n<li><b>sprz\u0119t\u00f3w elektrycznych oraz elektronicznych, \u00a0<\/b><\/li>\n<li><b>AGD, baterii i akumulator\u00f3w, <\/b><\/li>\n<li><b>odpad\u00f3w budowlanych i <\/b><b>remontowych, <\/b><\/li>\n<li><b>mebli, <\/b><\/li>\n<li><b>lek\u00f3w,\u00a0<\/b><b>chemikali\u00f3w, <\/b><\/li>\n<li><b>odpad\u00f3w <\/b><b>zielonych, <\/b><\/li>\n<li><b>kamieni, ziemi.<\/b><\/li>\n<\/ul>\n<h4><b>Nieprzestrzeganie tych zasad grozi p\u0142aceniem mandat\u00f3w nak\u0142adanych przez Stra\u017c Miejsk\u0105 na ogr\u00f3d,\u00a0<\/b><b>a w konsekwencji <span style=\"color: #ff0000;\">podniesieniem op\u0142at \u015bmieciowych<\/span> ponoszonych przez dzia\u0142kowc\u00f3w<\/b><b>.<\/b><\/h4>\n<p>&nbsp;<\/p>\n<p><b>Zarz\u0105d ROD RAKOWIEC<\/b><\/p>\n","protected":false},"excerpt":{"rendered":"<p>Na terenie\u00a0ROD RAKOWIEC\u00a0 od 1 maja 2019 roku obowi\u0105zywa\u0107 b\u0119dzie segregacja odpad\u00f3w na: ODPADY ZIELONE (tj. li\u015bcie, skoszona trawa i rozdrobnione ga\u0142\u0119zie) Do tych odpad\u00f3w\u00a0nie wolno wrzuca\u0107 :\u00a0\u00a0 kamieni, popio\u0142u, ziemi. ODPADY MIESZANE (\u00a0tj. odpady pozosta\u0142e) Do tych odpad\u00f3w nie wolno wrzuca\u0107: sprz\u0119t\u00f3w elektrycznych oraz elektronicznych, \u00a0 AGD, baterii i akumulator\u00f3w, odpad\u00f3w budowlanych i remontowych, &hellip; <\/p>\n<p class=\"link-more\"><a href=\"http:\/\/www.rod-rakowiec.pl\/?p=503\" class=\"more-link\">Czytaj dalej<span class=\"screen-reader-text\"> \u201eSEGREGACJA \u015aMIECI OD 1 MAJA 2019 ROKU\u201d<\/span><\/a><\/p>\n","protected":false},"author":1,"featured_media":0,"comment_status":"closed","ping_status":"closed","sticky":false,"template":"","format":"standard","meta":{"footnotes":""},"categories":[1],"tags":[],"class_list":["post-503","post","type-post","status-publish","format-standard","hentry","category-uncategorized"],"_links":{"self":[{"href":"http:\/\/www.rod-rakowiec.pl\/index.php?rest_route=\/wp\/v2\/posts\/503","targetHints":{"allow":["GET"]}}],"collection":[{"href":"http:\/\/www.rod-rakowiec.pl\/index.php?rest_route=\/wp\/v2\/posts"}],"about":[{"href":"http:\/\/www.rod-rakowiec.pl\/index.php?rest_route=\/wp\/v2\/types\/post"}],"author":[{"embeddable":true,"href":"http:\/\/www.rod-rakowiec.pl\/index.php?rest_route=\/wp\/v2\/users\/1"}],"replies":[{"embeddable":true,"href":"http:\/\/www.rod-rakowiec.pl\/index.php?rest_route=%2Fwp%2Fv2%2Fcomments&post=503"}],"version-history":[{"count":6,"href":"http:\/\/www.rod-rakowiec.pl\/index.php?rest_route=\/wp\/v2\/posts\/503\/revisions"}],"predecessor-version":[{"id":515,"href":"http:\/\/www.rod-rakowiec.pl\/index.php?rest_route=\/wp\/v2\/posts\/503\/revisions\/515"}],"wp:attachment":[{"href":"http:\/\/www.rod-rakowiec.pl\/index.php?rest_route=%2Fwp%2Fv2%2Fmedia&parent=503"}],"wp:term":[{"taxonomy":"category","embeddable":true,"href":"http:\/\/www.rod-rakowiec.pl\/index.php?rest_route=%2Fwp%2Fv2%2Fcategories&post=503"},{"taxonomy":"post_tag","embeddable":true,"href":"http:\/\/www.rod-rakowiec.pl\/index.php?rest_route=%2Fwp%2Fv2%2Ftags&post=503"}],"curies":[{"name":"wp","href":"https:\/\/api.w.org\/{rel}","templated":true}]}}