{"id":498,"date":"2019-04-16T17:31:06","date_gmt":"2019-04-16T17:31:06","guid":{"rendered":"http:\/\/www.rod-rakowiec.pl\/?p=498"},"modified":"2019-04-16T17:31:06","modified_gmt":"2019-04-16T17:31:06","slug":"nowy-zarzad-rod-rakowiec","status":"publish","type":"post","link":"http:\/\/www.rod-rakowiec.pl\/?p=498","title":{"rendered":"Nowy Zarz\u0105d ROD RAKOWIEC"},"content":{"rendered":"<h5 id=\"geom_inter_1555435650549_76_5\" style=\"text-align: center;\"><strong>drodzy dzia\u0142kowicze,<\/strong><\/h5>\n<div><\/div>\n<div style=\"text-align: left;\"><a href=\"http:\/\/www.rod-rakowiec.pl\/wp-content\/uploads\/2017\/03\/DSC_6679.jpg\"><img loading=\"lazy\" decoding=\"async\" class=\" wp-image-229 alignleft\" src=\"http:\/\/www.rod-rakowiec.pl\/wp-content\/uploads\/2017\/03\/DSC_6679-300x200.jpg\" alt=\"\" width=\"243\" height=\"162\" srcset=\"http:\/\/www.rod-rakowiec.pl\/wp-content\/uploads\/2017\/03\/DSC_6679-300x200.jpg 300w, http:\/\/www.rod-rakowiec.pl\/wp-content\/uploads\/2017\/03\/DSC_6679-768x511.jpg 768w, http:\/\/www.rod-rakowiec.pl\/wp-content\/uploads\/2017\/03\/DSC_6679.jpg 800w\" sizes=\"auto, (max-width: 243px) 100vw, 243px\" \/><\/a><strong>W dniu 30 marca 2019<\/strong> roku odby\u0142o si\u0119 Zebranie Sprawozdawczo-Wyborcze,<br \/>\nw wyniku kt\u00f3rego \u00a0zosta\u0142 wybrany nowy <strong>Zarz\u0105d ROD RAKOWIEC<\/strong> w sk\u0142adzie 9 os\u00f3b i nowa Komisja Rewizyjna w sk\u0142adzie 5 os\u00f3b.<\/div>\n<div id=\"geom_inter_1555435650549_68_6\" style=\"text-align: left;\"><\/div>\n","protected":false},"excerpt":{"rendered":"<p>drodzy dzia\u0142kowicze, W dniu 30 marca 2019 roku odby\u0142o si\u0119 Zebranie Sprawozdawczo-Wyborcze, w wyniku kt\u00f3rego \u00a0zosta\u0142 wybrany nowy Zarz\u0105d ROD RAKOWIEC w sk\u0142adzie 9 os\u00f3b i nowa Komisja Rewizyjna w sk\u0142adzie 5 os\u00f3b.<\/p>\n","protected":false},"author":1,"featured_media":0,"comment_status":"closed","ping_status":"closed","sticky":false,"template":"","format":"standard","meta":{"footnotes":""},"categories":[1],"tags":[],"class_list":["post-498","post","type-post","status-publish","format-standard","hentry","category-uncategorized"],"_links":{"self":[{"href":"http:\/\/www.rod-rakowiec.pl\/index.php?rest_route=\/wp\/v2\/posts\/498","targetHints":{"allow":["GET"]}}],"collection":[{"href":"http:\/\/www.rod-rakowiec.pl\/index.php?rest_route=\/wp\/v2\/posts"}],"about":[{"href":"http:\/\/www.rod-rakowiec.pl\/index.php?rest_route=\/wp\/v2\/types\/post"}],"author":[{"embeddable":true,"href":"http:\/\/www.rod-rakowiec.pl\/index.php?rest_route=\/wp\/v2\/users\/1"}],"replies":[{"embeddable":true,"href":"http:\/\/www.rod-rakowiec.pl\/index.php?rest_route=%2Fwp%2Fv2%2Fcomments&post=498"}],"version-history":[{"count":1,"href":"http:\/\/www.rod-rakowiec.pl\/index.php?rest_route=\/wp\/v2\/posts\/498\/revisions"}],"predecessor-version":[{"id":499,"href":"http:\/\/www.rod-rakowiec.pl\/index.php?rest_route=\/wp\/v2\/posts\/498\/revisions\/499"}],"wp:attachment":[{"href":"http:\/\/www.rod-rakowiec.pl\/index.php?rest_route=%2Fwp%2Fv2%2Fmedia&parent=498"}],"wp:term":[{"taxonomy":"category","embeddable":true,"href":"http:\/\/www.rod-rakowiec.pl\/index.php?rest_route=%2Fwp%2Fv2%2Fcategories&post=498"},{"taxonomy":"post_tag","embeddable":true,"href":"http:\/\/www.rod-rakowiec.pl\/index.php?rest_route=%2Fwp%2Fv2%2Ftags&post=498"}],"curies":[{"name":"wp","href":"https:\/\/api.w.org\/{rel}","templated":true}]}}