{"id":308,"date":"2017-06-01T15:58:52","date_gmt":"2017-06-01T15:58:52","guid":{"rendered":"http:\/\/www.rod-rakowiec.pl\/?p=308"},"modified":"2017-06-01T15:58:52","modified_gmt":"2017-06-01T15:58:52","slug":"maja-w-r-o-d-rakowiec","status":"publish","type":"post","link":"http:\/\/www.rod-rakowiec.pl\/?p=308","title":{"rendered":"Maja w R.O.D &#8222;Rakowiec&#8221;"},"content":{"rendered":"<p><span style=\"color: #008000;\"><strong><a href=\"http:\/\/www.rod-rakowiec.pl\/wp-content\/uploads\/2017\/06\/2-RAKOWIEC-Kopia.jpg\"><img loading=\"lazy\" decoding=\"async\" class=\" wp-image-310 alignleft\" src=\"http:\/\/www.rod-rakowiec.pl\/wp-content\/uploads\/2017\/06\/2-RAKOWIEC-Kopia-300x200.jpg\" alt=\"\" width=\"317\" height=\"211\" srcset=\"http:\/\/www.rod-rakowiec.pl\/wp-content\/uploads\/2017\/06\/2-RAKOWIEC-Kopia-300x200.jpg 300w, http:\/\/www.rod-rakowiec.pl\/wp-content\/uploads\/2017\/06\/2-RAKOWIEC-Kopia-768x512.jpg 768w, http:\/\/www.rod-rakowiec.pl\/wp-content\/uploads\/2017\/06\/2-RAKOWIEC-Kopia-1024x683.jpg 1024w\" sizes=\"auto, (max-width: 317px) 100vw, 317px\" \/><\/a>Z okazji 90-lecia ogrodu 23 maja<\/strong><\/span> go\u015bci\u0142a u nas, w ROD Rakowiec w Warszawie, Maja Popielarska ze swoim programem <span style=\"color: #008000;\"><strong>\u201eMaja w Ogrodzie\u201d<\/strong> <\/span>emitowanym w TVN.<\/p>\n<p>Wcze\u015bniej zosta\u0142y przez jej ekip\u0119 wybrane 4 dzia\u0142ki. S\u0105 to dzia\u0142ki r\u00f3\u017cnie zagospodarowane, a ich u\u017cytkownicy to osoby\u00a0 w r\u00f3\u017cnym wieku. Ma to by\u0107 program cykliczny, pokazuj\u0105cy m.in. jak dzia\u0142ki, ca\u0142y ogr\u00f3d zmieniaj\u0105 si\u0119 w ci\u0105gu roku.<\/p>\n<p>Pierwsza wizyta &#8222;<span style=\"color: #008000;\"><strong>Mai w ogrodzie&#8221; zacz\u0119\u0142a si\u0119 od rozmowy o ROD Rakowiec<\/strong><\/span>, prowadzonej i filmowanej na spacerze po naszej zabytkowej Alei Brzozowej. Rozmawia\u0142y\u015bmy o historii ogrodu, o jego problemach na przestrzeni tych 90 lat, o kolejnych zakusach na jego istnienie, z kt\u00f3rych na szcz\u0119\u015bcie ogr\u00f3d wychodzi\u0142 obronn\u0105 r\u0119k\u0105.<\/p>\n<p>Maja Popielarsk\u0105 pyta\u0142a te\u017c o to, jak<span style=\"color: #008000;\"><strong> zmienia\u0142y si\u0119 przez te lata dzia\u0142ki<\/strong><\/span> \u2013 nie tylko ich wygl\u0105d i zagospodarowanie, ale r\u00f3wnie\u017c ich u\u017cytkownicy, w\u015br\u00f3d kt\u00f3rych jest coraz wi\u0119cej ludzi m\u0142odych, rodzin z dzie\u0107mi.<\/p>\n<p><span style=\"color: #008000;\"><strong>Rozmawia\u0142y\u015bmy\u202f o ekologicznym znaczeniu ogrodu<\/strong> <\/span>dla ca\u0142ego jego<a href=\"http:\/\/www.rod-rakowiec.pl\/wp-content\/uploads\/2017\/06\/3-RAKOWIEC-Kopia.jpg\"><img loading=\"lazy\" decoding=\"async\" class=\"size-medium wp-image-311 alignright\" src=\"http:\/\/www.rod-rakowiec.pl\/wp-content\/uploads\/2017\/06\/3-RAKOWIEC-Kopia-300x200.jpg\" alt=\"\" width=\"300\" height=\"200\" srcset=\"http:\/\/www.rod-rakowiec.pl\/wp-content\/uploads\/2017\/06\/3-RAKOWIEC-Kopia-300x200.jpg 300w, http:\/\/www.rod-rakowiec.pl\/wp-content\/uploads\/2017\/06\/3-RAKOWIEC-Kopia-768x512.jpg 768w, http:\/\/www.rod-rakowiec.pl\/wp-content\/uploads\/2017\/06\/3-RAKOWIEC-Kopia-1024x683.jpg 1024w\" sizes=\"auto, (max-width: 300px) 100vw, 300px\" \/><\/a> otoczenia, o roli, <strong><span style=\"color: #008000;\">jak\u0105 pe\u0142ni ogr\u00f3d nie dla dzia\u0142kowc\u00f3w, tak\u017ce dla ludzi z okolicznych osiedli, \u017ce od lat jest otwarty dla wszystkich<\/span><\/strong>. Przez ca\u0142y rok, od rana do wieczora. Maja pyta\u0142a <span style=\"color: #008000;\"><strong>o pomniki przyrody<\/strong><\/span> znajduj\u0105ce si\u0119 w ogrodzie (jest kilkana\u015bcie zarejestrowanych wiekowych pojedynczych drzew i krzew\u00f3w ozdobnych oraz ca\u0142a Aleja Brzozowa), o Mokotowskie Towarzystwo Zachowania Klina Nawietrzaj\u0105cego Warszaw\u0119, \u202fkt\u00f3re przed laty utworzy\u0142a grupa dzia\u0142kowc\u00f3w z naszego ogrodu.<\/p>\n<p>P\u00f3\u017aniej ekipa telewizyjna uda\u0142a si\u0119 na wybrane wcze\u015bniej dzia\u0142ki, gdzie rozmawia\u0142a z ich u\u017cytkownikami \u2013 o tym, czym jest dla nich dzia\u0142ka, jak sp\u0119dzaj\u0105 na niej czas.<\/p>\n<p>Wizyta programu \u201eMaja w ogrodzie\u201d trwa\u0142a od dziewi\u0105tej rano do godzin popo\u0142udniowych.<\/p>\n<p>&nbsp;<\/p>\n<p>&nbsp;<\/p>\n","protected":false},"excerpt":{"rendered":"<p>Z okazji 90-lecia ogrodu 23 maja go\u015bci\u0142a u nas, w ROD Rakowiec w Warszawie, Maja Popielarska ze swoim programem \u201eMaja w Ogrodzie\u201d emitowanym w TVN. Wcze\u015bniej zosta\u0142y przez jej ekip\u0119 wybrane 4 dzia\u0142ki. S\u0105 to dzia\u0142ki r\u00f3\u017cnie zagospodarowane, a ich u\u017cytkownicy to osoby\u00a0 w r\u00f3\u017cnym wieku. Ma to by\u0107 program cykliczny, pokazuj\u0105cy m.in. jak dzia\u0142ki, &hellip; <\/p>\n<p class=\"link-more\"><a href=\"http:\/\/www.rod-rakowiec.pl\/?p=308\" class=\"more-link\">Czytaj dalej<span class=\"screen-reader-text\"> \u201eMaja w R.O.D &#8222;Rakowiec&#8221;\u201d<\/span><\/a><\/p>\n","protected":false},"author":1,"featured_media":0,"comment_status":"closed","ping_status":"closed","sticky":false,"template":"","format":"standard","meta":{"footnotes":""},"categories":[10],"tags":[11],"class_list":["post-308","post","type-post","status-publish","format-standard","hentry","category-maja-w-ogrodzie","tag-maja-w-ogrodzie"],"_links":{"self":[{"href":"http:\/\/www.rod-rakowiec.pl\/index.php?rest_route=\/wp\/v2\/posts\/308","targetHints":{"allow":["GET"]}}],"collection":[{"href":"http:\/\/www.rod-rakowiec.pl\/index.php?rest_route=\/wp\/v2\/posts"}],"about":[{"href":"http:\/\/www.rod-rakowiec.pl\/index.php?rest_route=\/wp\/v2\/types\/post"}],"author":[{"embeddable":true,"href":"http:\/\/www.rod-rakowiec.pl\/index.php?rest_route=\/wp\/v2\/users\/1"}],"replies":[{"embeddable":true,"href":"http:\/\/www.rod-rakowiec.pl\/index.php?rest_route=%2Fwp%2Fv2%2Fcomments&post=308"}],"version-history":[{"count":2,"href":"http:\/\/www.rod-rakowiec.pl\/index.php?rest_route=\/wp\/v2\/posts\/308\/revisions"}],"predecessor-version":[{"id":317,"href":"http:\/\/www.rod-rakowiec.pl\/index.php?rest_route=\/wp\/v2\/posts\/308\/revisions\/317"}],"wp:attachment":[{"href":"http:\/\/www.rod-rakowiec.pl\/index.php?rest_route=%2Fwp%2Fv2%2Fmedia&parent=308"}],"wp:term":[{"taxonomy":"category","embeddable":true,"href":"http:\/\/www.rod-rakowiec.pl\/index.php?rest_route=%2Fwp%2Fv2%2Fcategories&post=308"},{"taxonomy":"post_tag","embeddable":true,"href":"http:\/\/www.rod-rakowiec.pl\/index.php?rest_route=%2Fwp%2Fv2%2Ftags&post=308"}],"curies":[{"name":"wp","href":"https:\/\/api.w.org\/{rel}","templated":true}]}}