{"id":1639,"date":"2026-04-21T11:41:25","date_gmt":"2026-04-21T11:41:25","guid":{"rendered":"http:\/\/www.rod-rakowiec.pl\/?p=1639"},"modified":"2026-04-21T11:41:25","modified_gmt":"2026-04-21T11:41:25","slug":"szanowna-dzialkowiczko-szanowny-dzialkowcu","status":"publish","type":"post","link":"http:\/\/www.rod-rakowiec.pl\/?p=1639","title":{"rendered":"Szanowna Dzia\u0142kowiczko, Szanowny Dzia\u0142kowcu!"},"content":{"rendered":"\n<p>W dniu 12 kwietnia 2026 r. odby\u0142o si\u0119 Walne Zebranie naszego Ogrodu.<\/p>\n\n\n\n<p>Wzorem lat poprzednich Walne Zebranie uchwali\u0142o nowe stawki op\u0142at ogrodowych.<\/p>\n\n\n\n<p>Wiele kontrowersji wzbudzi\u0142a uchwalona tzw. \u201eop\u0142ata \u015bmieciowa\u201d.<\/p>\n\n\n\n<p>Jest ona skalkulowana w oparciu o liczb\u0119 zape\u0142nionych przez Nas, Dzia\u0142kowc\u00f3w kontener\u00f3w, kt\u00f3re wyjecha\u0142y z terenu ogrodu (bez kontener\u00f3w prywatnych) w latach poprzednich. Uwzgl\u0119dnia ona r\u00f3wnie\u017c podwy\u017ck\u0119 zaproponowan\u0105 przez firm\u0119 obs\u0142uguj\u0105c\u0105 Nasz Ogr\u00f3d, z kt\u00f3r\u0105 ROD Rakowiec ma podpisan\u0105 umow\u0119. Podpisanie umowy zosta\u0142o poprzedzone rozpoznaniem cenowym po\u015br\u00f3d innych firm. Opr\u00f3cz tego wytyczne PZD nie pozwoli\u0142y na \u201edo\u0142o\u017cenie\u201d do \u015bmieci nadwy\u017cki bilansowej z poprzedniego roku.<\/p>\n\n\n\n<p>Przypominamy, \u017ce ogrody dzia\u0142kowe s\u0105 wy\u0142\u0105czone z miejskiej sieci zbi\u00f3rki odpad\u00f3w mimo to w Naszym Ogrodzie od lat jest prowadzona selektywna zbi\u00f3rka odpad\u00f3w z podzia\u0142em na frakcje (papier, szk\u0142o, tworzywa sztuczne i puszki, bio, zmieszane, odpady zielone). Nie wolno wynosi\u0107 \u015bmieci wytworzonych na dzia\u0142kach do miejskich \u015bmietnik\u00f3w.<\/p>\n\n\n\n<p><strong>To My DZIA\u0141KOWCY wytwarzamy \u015bmieci!<\/strong><\/p>\n\n\n\n<p><strong>Oszcz\u0119dzajmy pieni\u0105dze nie tworz\u0105c<\/strong> <strong>G\u00d3R z odpad\u00f3w!<\/strong><\/p>\n","protected":false},"excerpt":{"rendered":"<p>W dniu 12 kwietnia 2026 r. odby\u0142o si\u0119 Walne Zebranie naszego Ogrodu. Wzorem lat poprzednich Walne Zebranie uchwali\u0142o nowe stawki op\u0142at ogrodowych. Wiele kontrowersji wzbudzi\u0142a uchwalona tzw. \u201eop\u0142ata \u015bmieciowa\u201d. Jest ona skalkulowana w oparciu o liczb\u0119 zape\u0142nionych przez Nas, Dzia\u0142kowc\u00f3w kontener\u00f3w, kt\u00f3re wyjecha\u0142y z terenu ogrodu (bez kontener\u00f3w prywatnych) w latach poprzednich. Uwzgl\u0119dnia ona r\u00f3wnie\u017c &hellip; <\/p>\n<p class=\"link-more\"><a href=\"http:\/\/www.rod-rakowiec.pl\/?p=1639\" class=\"more-link\">Czytaj dalej<span class=\"screen-reader-text\"> \u201eSzanowna Dzia\u0142kowiczko, Szanowny Dzia\u0142kowcu!\u201d<\/span><\/a><\/p>\n","protected":false},"author":1,"featured_media":0,"comment_status":"closed","ping_status":"closed","sticky":false,"template":"","format":"standard","meta":{"footnotes":""},"categories":[1],"tags":[],"class_list":["post-1639","post","type-post","status-publish","format-standard","hentry","category-uncategorized"],"_links":{"self":[{"href":"http:\/\/www.rod-rakowiec.pl\/index.php?rest_route=\/wp\/v2\/posts\/1639","targetHints":{"allow":["GET"]}}],"collection":[{"href":"http:\/\/www.rod-rakowiec.pl\/index.php?rest_route=\/wp\/v2\/posts"}],"about":[{"href":"http:\/\/www.rod-rakowiec.pl\/index.php?rest_route=\/wp\/v2\/types\/post"}],"author":[{"embeddable":true,"href":"http:\/\/www.rod-rakowiec.pl\/index.php?rest_route=\/wp\/v2\/users\/1"}],"replies":[{"embeddable":true,"href":"http:\/\/www.rod-rakowiec.pl\/index.php?rest_route=%2Fwp%2Fv2%2Fcomments&post=1639"}],"version-history":[{"count":1,"href":"http:\/\/www.rod-rakowiec.pl\/index.php?rest_route=\/wp\/v2\/posts\/1639\/revisions"}],"predecessor-version":[{"id":1640,"href":"http:\/\/www.rod-rakowiec.pl\/index.php?rest_route=\/wp\/v2\/posts\/1639\/revisions\/1640"}],"wp:attachment":[{"href":"http:\/\/www.rod-rakowiec.pl\/index.php?rest_route=%2Fwp%2Fv2%2Fmedia&parent=1639"}],"wp:term":[{"taxonomy":"category","embeddable":true,"href":"http:\/\/www.rod-rakowiec.pl\/index.php?rest_route=%2Fwp%2Fv2%2Fcategories&post=1639"},{"taxonomy":"post_tag","embeddable":true,"href":"http:\/\/www.rod-rakowiec.pl\/index.php?rest_route=%2Fwp%2Fv2%2Ftags&post=1639"}],"curies":[{"name":"wp","href":"https:\/\/api.w.org\/{rel}","templated":true}]}}