{"id":1598,"date":"2025-12-17T08:22:16","date_gmt":"2025-12-17T08:22:16","guid":{"rendered":"http:\/\/www.rod-rakowiec.pl\/?p=1598"},"modified":"2025-12-17T08:22:16","modified_gmt":"2025-12-17T08:22:16","slug":"dzialkowcy-rod-zelmot-i-lesnicy-potrzebuja-waszej-pomocy","status":"publish","type":"post","link":"http:\/\/www.rod-rakowiec.pl\/?p=1598","title":{"rendered":"Dzia\u0142kowcy Rod Zelmot i Le\u015bnicy potrzebuj\u0105 Waszej pomocy"},"content":{"rendered":"\n<p>Okaza\u0142o si\u0119, i\u017c pomimo obietnic i informacji przekazywanych opinii (\u017ce<br \/>wszystkie Warszawskie ROD zosta\u0142y odpowiednio zabezpieczone), autorzy<br \/>tzw. Planu og\u00f3lnego zlekcewa\u017cyli konsultacje spo\u0142eczne, dotycz\u0105ce<br \/>Studium Zagospodarowania Przestrzennego z 2021 roku i setki tysi\u0119cy<br \/>g\u0142os\u00f3w Warszawskich mieszka\u0144c\u00f3w.<br \/>Niestety na terenach naszych ROD zaplanowano zabudow\u0119 us\u0142ugow\u0105 i<br \/>wielomieszkaniow\u0105 oraz komunikacj\u0119.<br \/>Dla tego, zwracam si\u0119 do pa\u0144stwa z ogromn\u0105 pro\u015bb\u0105,&nbsp; w imieniu<br \/>dzia\u0142kowc\u00f3w naszych ogrod\u00f3w (tj. ROD Zelmot i ROD Le\u015bnicy) o okazanie<br \/>solidarno\u015bci i pomoc w walce o nasze ogrody. Zbieraniu podpis\u00f3w, b\u0105d\u017a<br \/>wype\u0142nianiu wniosk\u00f3w on-line, przeciw planowanym zmianom.<\/p>\n\n\n\n<p>Tu link do strony&nbsp;<br \/>&nbsp;gdzie jest wszystko jest jasno i wyra\u017anie<br \/>wyt\u0142umaczone, jak wydrukowa\u0107 wnioski (wst\u0119pnie wype\u0142nione gdzie tylko<br \/>mogli\u015bmy), jak je wype\u0142ni\u0107, a tak\u017ce jak i grze mo\u017cna wype\u0142ni\u0107 wniosek<br \/>on-line.<\/p>\n\n\n\n<p><a href=\"https:\/\/zielonaochota.pl\">https:\/\/zielonaochota.pl<\/a><\/p>\n\n\n\n<p>A tak\u017ce bezpo\u015bredni link do strony urz\u0119du miasta do wype\u0142niania pisma<br \/>(link te\u017c znajduje si\u0119 na stworzonej przez nas stronie)<\/p>\n\n\n\n<p><a href=\"https:\/\/konsultacje.um.warszawa.pl\/processes\/Warszawa2040\/f\/458\">https:\/\/konsultacje.um.warszawa.pl\/processes\/Warszawa2040\/f\/458<\/a><\/p>\n\n\n\n<p>Dzi\u0119kujemy za Wasze wsparcie i po\u015bwi\u0119cony czas, liczymy na dalsz\u0105<br \/>wsp\u00f3\u0142prac\u0119 i korzystaj\u0105c z okazji:<br \/>\u017byczymy Zdrowych, Weso\u0142ych i pe\u0142nych u\u015bmiechu nadchodz\u0105cych \u015bwi\u0105t Niech<br \/>si\u0119 Darzy<br \/>Oraz Szcz\u0119\u015bcia w nadchodz\u0105cym 2026r.<br \/>Udanych plon\u00f3w<\/p>\n\n\n\n<p>Pozdrawiamy<br \/>Dzia\u0142kowcy Rod Zelmot i Rod Le\u015bnicy \ud83d\ude42<\/p>\n\n\n\n<p><strong>Instrukcja wype\u0142niania wniosk\u00f3w on-line<\/strong><\/p>\n\n\n\n<p><br \/>Punkt 1,2,3 &#8211; nic nie zmieniamy<br \/>Punkt 4 \u2013 Wpisujemy swoje dane (pola oznaczone gwiazdk\u0105 s\u0105 obowi\u0105zkowe),<br \/>\u00a0 pod danymi w polu :\u00a0 \u201eCzy jeste\u015b (lub osoba, w imieniu kt\u00f3rej sk\u0142adasz<br \/>uwag\u0119) w\u0142a\u015bcicielem lub u\u017cytkownikiem wieczystym nieruchomo\u015bci obj\u0119tej<br \/>uwag\u0105?*\u201d<br \/>Zaznaczamy \u201eNIE\u201d<br \/>Punkt 5,6 \u2013 pomijamy<br \/>Punkt 7 w polu \u201eTEREN 1\u201d \u2013 wpisujemy 146506_8.0322.3<br \/>I od razu pod numerem dzia\u0142ki w polu :<br \/>\u201eCzy uwaga dotyczy ca\u0142ej dzia\u0142ki lub dzia\u0142ek ewidencyjnych?\u201d<br \/>Zaznaczamy \u201eTAK\u201d<\/p>\n\n\n\n<p>\u201eChc\u0119 z\u0142o\u017cy\u0107 uwag\u0119 dotycz\u0105c\u0105 strefy planistycznej i jej profilu<br \/>funkcjonalnego\u201d<br \/>Zaznaczamy \u201eTAK\u201d<br \/>z rozwijanej listy wybieramy \u201estrefa zieleni\u201d<br \/>zaznaczamy \u201enie chc\u0119, aby strefa mia\u0142a profil dodatkowy\u201d<br \/>\u201eChc\u0119 z\u0142o\u017cy\u0107 uwag\u0119 dotycz\u0105c\u0105 wska\u017anik\u00f3w zabudowy i zagospodarowania<br \/>terenu\u201d<br \/>Zaznaczamy \u201eNIE\u201d<\/p>\n\n\n\n<p>\u201eChc\u0119 z\u0142o\u017cy\u0107 uwag\u0119 dotycz\u0105c\u0105 obszaru uzupe\u0142nienia zabudowy\u201d<br \/>Zaznaczamy \u201eTAK\u201d oraz \u201eProsz\u0119 wy\u0142\u0105czy\u0107 teren z obszaru uzupe\u0142nienia<br \/>zabudowy\u201d<\/p>\n\n\n\n<p>\u201eChc\u0119 z\u0142o\u017cy\u0107 uwag\u0119 dotycz\u0105c\u0105 obszaru zabudowy \u015br\u00f3dmiejskiej\u201d<br \/>Zaznaczamy \u201eTAK\u201d oraz \u201eProsz\u0119 wy\u0142\u0105czy\u0107 teren z obszaru zabudowy<br \/>\u015br\u00f3dmiejskiej\u201d<\/p>\n\n\n\n<p>\u201eChc\u0119 z\u0142o\u017cy\u0107 uwag\u0119 dotycz\u0105c\u0105 standard\u00f3w dost\u0119pno\u015bci infrastruktury<br \/>spo\u0142ecznej\u201d<br \/>Zaznaczamy \u201eNIE\u201d<\/p>\n\n\n\n<p>Punkt 7b \u2013 kopiujemy i wklejamy poni\u017cszy tekst<\/p>\n\n\n\n<p>W opublikowanym projekcie planu og\u00f3lnego cz\u0119\u015b\u0107 terenu zaj\u0119tego przez<br \/>Rodzinny Ogr\u00f3d Dzia\u0142kowy Zelmot przy ul. Gr\u00f3jeckiej 129, zosta\u0142a<br \/>zakwalifikowana do strefy komunikacyjnej (SK), strefy wielofunkcyjnej z<br \/>zabudow\u0105 mieszkaniow\u0105 wielorodzinn\u0105 (SW) oraz do strefy us\u0142ugowej (SU).<br \/>Wnosz\u0119 o zmian\u0119 planu poprzez uj\u0119cie ca\u0142o\u015bci terenu ROD jako strefy<br \/>zieleni i rekreacji (SN). Ogr\u00f3d jest obiektem u\u017cyteczno\u015bci publicznej i<br \/>pe\u0142ni istotn\u0105 rol\u0119 ekologiczn\u0105 i spo\u0142eczn\u0105. ROD Zelmot istnieje od 1953<br \/>roku, dzia\u0142ki s\u0105 wykorzystywane przez ca\u0142e rodziny pod prowadzenie upraw<br \/>ogrodniczych oraz jako miejsce wypoczynku i rekreacji. Na terenie ROD<br \/>jest urz\u0105dzona infrastruktura ogrodowa i rozwini\u0119ty ekosystem. Uj\u0119cie<br \/>terenu cz\u0119\u015bci ROD w strefach; (SK),(SW),(SU), rodzi obaw\u0119 co do<br \/>przysz\u0142ej likwidacji ogrodu, co by\u0142oby niepowetowan\u0105 szkod\u0105 dla<br \/>\u015brodowiska naturalnego i mieszka\u0144c\u00f3w Warszawy, kt\u00f3rzy od wielu lat<br \/>gospodaruj\u0105 na dzia\u0142kach i w nie inwestuj\u0105.<\/p>\n\n\n\n<p>Punkt 8 \u2013 Wyra\u017cam zgod\u0119<\/p>\n\n\n\n<p>Punkt 9 \u2013 (opcjonalnie) mo\u017cna doda\u0107 nasze uzasadnienie poprzez<br \/>klikni\u0119cie \u201eDodaj za\u0142\u0105cznik\u201d (wcze\u015bniej pobieraj\u0105c je z linku poni\u017cej),<br \/>w polu \u201eNazwa za\u0142\u0105cznika\u201d wpisujemy \u201e1\u201d<\/p>\n\n\n\n<p><a href=\"https:\/\/drive.google.com\/uc?export=download&amp;id=1JvnFU-tFy6QgNDxLJW1pi0rY_iSXgS_P\">https:\/\/drive.google.com\/uc?export=download&amp;id=1JvnFU-tFy6QgNDxLJW1pi0rY_iSXgS_P<\/a><\/p>\n\n\n\n<p>Obowi\u0105zkowo<br \/>poni\u017cej zaznaczamy \u201eTAK\u201d lub \u201eNIE\u201d<br \/>oraz \u201eZapozna\u0142am\/em si\u0119 z zamieszczonym na g\u00f3rze strony opisem sk\u0142adania<br \/>uwagi przez formularz.*\u201d<\/p>\n\n\n\n<p>Klikamy \u201eDalej\u201d<\/p>\n\n\n\n<p>W otwartym oknie sprawdzamy czy si\u0119 wszystko zgadza i klikamy \u201eWY\u015aLIJ\u201d<\/p>\n\n\n\n<p>ZROBIONE \ud83d\ude42<\/p>\n\n\n\n<p>DZI\u0118KUJEMY !!!!<\/p>\n\n\n\n<p>Liczymy na Wasze wsparcie<\/p>\n\n\n\n<p>Pozdrawiamy<br \/>Dzia\u0142kowcy zagro\u017conych ogrod\u00f3w.<\/p>\n","protected":false},"excerpt":{"rendered":"<p>Okaza\u0142o si\u0119, i\u017c pomimo obietnic i informacji przekazywanych opinii (\u017cewszystkie Warszawskie ROD zosta\u0142y odpowiednio zabezpieczone), autorzytzw. Planu og\u00f3lnego zlekcewa\u017cyli konsultacje spo\u0142eczne, dotycz\u0105ceStudium Zagospodarowania Przestrzennego z 2021 roku i setki tysi\u0119cyg\u0142os\u00f3w Warszawskich mieszka\u0144c\u00f3w.Niestety na terenach naszych ROD zaplanowano zabudow\u0119 us\u0142ugow\u0105 iwielomieszkaniow\u0105 oraz komunikacj\u0119.Dla tego, zwracam si\u0119 do pa\u0144stwa z ogromn\u0105 pro\u015bb\u0105,&nbsp; w imieniudzia\u0142kowc\u00f3w naszych ogrod\u00f3w (tj. &hellip; <\/p>\n<p class=\"link-more\"><a href=\"http:\/\/www.rod-rakowiec.pl\/?p=1598\" class=\"more-link\">Czytaj dalej<span class=\"screen-reader-text\"> \u201eDzia\u0142kowcy Rod Zelmot i Le\u015bnicy potrzebuj\u0105 Waszej pomocy\u201d<\/span><\/a><\/p>\n","protected":false},"author":1,"featured_media":0,"comment_status":"closed","ping_status":"closed","sticky":false,"template":"","format":"standard","meta":{"footnotes":""},"categories":[1],"tags":[],"class_list":["post-1598","post","type-post","status-publish","format-standard","hentry","category-uncategorized"],"_links":{"self":[{"href":"http:\/\/www.rod-rakowiec.pl\/index.php?rest_route=\/wp\/v2\/posts\/1598","targetHints":{"allow":["GET"]}}],"collection":[{"href":"http:\/\/www.rod-rakowiec.pl\/index.php?rest_route=\/wp\/v2\/posts"}],"about":[{"href":"http:\/\/www.rod-rakowiec.pl\/index.php?rest_route=\/wp\/v2\/types\/post"}],"author":[{"embeddable":true,"href":"http:\/\/www.rod-rakowiec.pl\/index.php?rest_route=\/wp\/v2\/users\/1"}],"replies":[{"embeddable":true,"href":"http:\/\/www.rod-rakowiec.pl\/index.php?rest_route=%2Fwp%2Fv2%2Fcomments&post=1598"}],"version-history":[{"count":1,"href":"http:\/\/www.rod-rakowiec.pl\/index.php?rest_route=\/wp\/v2\/posts\/1598\/revisions"}],"predecessor-version":[{"id":1599,"href":"http:\/\/www.rod-rakowiec.pl\/index.php?rest_route=\/wp\/v2\/posts\/1598\/revisions\/1599"}],"wp:attachment":[{"href":"http:\/\/www.rod-rakowiec.pl\/index.php?rest_route=%2Fwp%2Fv2%2Fmedia&parent=1598"}],"wp:term":[{"taxonomy":"category","embeddable":true,"href":"http:\/\/www.rod-rakowiec.pl\/index.php?rest_route=%2Fwp%2Fv2%2Fcategories&post=1598"},{"taxonomy":"post_tag","embeddable":true,"href":"http:\/\/www.rod-rakowiec.pl\/index.php?rest_route=%2Fwp%2Fv2%2Ftags&post=1598"}],"curies":[{"name":"wp","href":"https:\/\/api.w.org\/{rel}","templated":true}]}}