{"id":1595,"date":"2025-10-21T06:54:06","date_gmt":"2025-10-21T06:54:06","guid":{"rendered":"http:\/\/www.rod-rakowiec.pl\/?p=1595"},"modified":"2025-10-21T06:54:06","modified_gmt":"2025-10-21T06:54:06","slug":"zamkniecie-wody-na-zime-2","status":"publish","type":"post","link":"http:\/\/www.rod-rakowiec.pl\/?p=1595","title":{"rendered":"ZAMKNI\u0118CIE WODY NA ZIM\u0118"},"content":{"rendered":"\n<p>W dniach&nbsp;<strong><u>28-30 pa\u017adziernika 2025 roku<\/u><\/strong>&nbsp;odb\u0119dzie si\u0119 planowe zamkni\u0119cie wody na terenie ROD Rakowiec.<\/p>\n\n\n\n<p>Po tym terminie prosimy o otworzenie kran\u00f3w (lub ich zdemontowanie) celem zabezpieczenia instalacji przed mrozem.<\/p>\n\n\n\n<p><strong>Prosimy o uregulowanie op\u0142aty za zu\u017cycie wody<\/strong>.<\/p>\n\n\n\n<p>Informacje o stanie licznika i wysoko\u015bci op\u0142aty za wod\u0119 b\u0119dzie mo\u017cna uzyska\u0107 w Kasie i Zarz\u0105dzie w drugiej po\u0142owie listopada 2025 r.<\/p>\n","protected":false},"excerpt":{"rendered":"<p>W dniach&nbsp;28-30 pa\u017adziernika 2025 roku&nbsp;odb\u0119dzie si\u0119 planowe zamkni\u0119cie wody na terenie ROD Rakowiec. Po tym terminie prosimy o otworzenie kran\u00f3w (lub ich zdemontowanie) celem zabezpieczenia instalacji przed mrozem. Prosimy o uregulowanie op\u0142aty za zu\u017cycie wody. Informacje o stanie licznika i wysoko\u015bci op\u0142aty za wod\u0119 b\u0119dzie mo\u017cna uzyska\u0107 w Kasie i Zarz\u0105dzie w drugiej po\u0142owie listopada &hellip; <\/p>\n<p class=\"link-more\"><a href=\"http:\/\/www.rod-rakowiec.pl\/?p=1595\" class=\"more-link\">Czytaj dalej<span class=\"screen-reader-text\"> \u201eZAMKNI\u0118CIE WODY NA ZIM\u0118\u201d<\/span><\/a><\/p>\n","protected":false},"author":1,"featured_media":0,"comment_status":"closed","ping_status":"closed","sticky":false,"template":"","format":"standard","meta":{"footnotes":""},"categories":[1],"tags":[],"class_list":["post-1595","post","type-post","status-publish","format-standard","hentry","category-uncategorized"],"_links":{"self":[{"href":"http:\/\/www.rod-rakowiec.pl\/index.php?rest_route=\/wp\/v2\/posts\/1595","targetHints":{"allow":["GET"]}}],"collection":[{"href":"http:\/\/www.rod-rakowiec.pl\/index.php?rest_route=\/wp\/v2\/posts"}],"about":[{"href":"http:\/\/www.rod-rakowiec.pl\/index.php?rest_route=\/wp\/v2\/types\/post"}],"author":[{"embeddable":true,"href":"http:\/\/www.rod-rakowiec.pl\/index.php?rest_route=\/wp\/v2\/users\/1"}],"replies":[{"embeddable":true,"href":"http:\/\/www.rod-rakowiec.pl\/index.php?rest_route=%2Fwp%2Fv2%2Fcomments&post=1595"}],"version-history":[{"count":1,"href":"http:\/\/www.rod-rakowiec.pl\/index.php?rest_route=\/wp\/v2\/posts\/1595\/revisions"}],"predecessor-version":[{"id":1596,"href":"http:\/\/www.rod-rakowiec.pl\/index.php?rest_route=\/wp\/v2\/posts\/1595\/revisions\/1596"}],"wp:attachment":[{"href":"http:\/\/www.rod-rakowiec.pl\/index.php?rest_route=%2Fwp%2Fv2%2Fmedia&parent=1595"}],"wp:term":[{"taxonomy":"category","embeddable":true,"href":"http:\/\/www.rod-rakowiec.pl\/index.php?rest_route=%2Fwp%2Fv2%2Fcategories&post=1595"},{"taxonomy":"post_tag","embeddable":true,"href":"http:\/\/www.rod-rakowiec.pl\/index.php?rest_route=%2Fwp%2Fv2%2Ftags&post=1595"}],"curies":[{"name":"wp","href":"https:\/\/api.w.org\/{rel}","templated":true}]}}