{"id":1592,"date":"2025-10-08T11:20:40","date_gmt":"2025-10-08T11:20:40","guid":{"rendered":"http:\/\/www.rod-rakowiec.pl\/?p=1592"},"modified":"2025-10-08T11:20:40","modified_gmt":"2025-10-08T11:20:40","slug":"termin-przekazania-stanu-licznika-energii-elektrycznej-rod-rakowiec","status":"publish","type":"post","link":"http:\/\/www.rod-rakowiec.pl\/?p=1592","title":{"rendered":"Termin przekazania stanu licznika energii elektrycznej ROD \u201eRakowiec\u201d"},"content":{"rendered":"\n<p>Szanowni Pa\u0144stwo,<\/p>\n\n\n\n<p>W zwi\u0105zku z planowan\u0105 instalacj\u0105 podlicznik\u00f3w energii elektrycznej dla ka\u017cdej dzia\u0142ki uprzejmie prosimy o zapoznanie si\u0119 z harmonogramem prac zwi\u0105zanych z t\u0105 inwestycj\u0105.<\/p>\n\n\n\n<p>Dla sprawnego przeprowadzenia instalacji podlicznik\u00f3w prosimy o \u015bcis\u0142\u0105 wsp\u00f3\u0142prac\u0119 i dotrzymanie poni\u017cszych termin\u00f3w:<\/p>\n\n\n\n<p>Prosimy o przekazanie stanu obecnego podlicznika energii elektrycznej&nbsp;<strong>na dzie\u0144<\/strong>&nbsp;<strong>31.10.2025<\/strong>.&nbsp;(najlepiej ze zdj\u0119ciem stanu licznika) w formie pisemnej:<\/p>\n\n\n\n<ol class=\"wp-block-list\">\n<li><strong>osobi\u015bcie<\/strong>\u00a0do Zarz\u0105du ROD \u2013 w\u00a0<strong>niedziel\u0119 09.11.2025 w godzinach 11:00\u201314:00<\/strong>,<\/li>\n\n\n\n<li><strong>mailowo<\/strong>\u00a0na adres:\u00a0<em><a href=\"mailto:oplaty.rodrakowiecwarszawa@gmail.com\" target=\"_blank\" rel=\"noreferrer noopener\">oplaty.rodrakowiecwarszawa@gmail.com<\/a><\/em>,<\/li>\n\n\n\n<li><strong>pisemnie<\/strong>\u00a0(na kartce: numer dzia\u0142ki, imi\u0119 nazwisko, stan licznika) przekazane Ochronie, lub wrzucone do skrzynki na korespondencj\u0119 na drzwiach do biura Zarz\u0105du.<\/li>\n<\/ol>\n\n\n\n<p><strong>Termin na przekazanie stanu licznika: 09.11.2025r.<\/strong><\/p>\n\n\n\n<p><strong>Brak informacji o odczycie podlicznika b\u0119dzie podstaw\u0105 do od\u0142\u0105czenia energii elektrycznej do dzia\u0142ki.<\/strong><\/p>\n\n\n\n<p><strong>Modernizacja sieci elektrycznej<\/strong><\/p>\n\n\n\n<p>Podczas prac modernizacyjnych b\u0119dzie od\u0142\u0105czona energia elektryczna do dzia\u0142ek. Prosimy o od\u0142\u0105czenie wszystkich urz\u0105dze\u0144 od \u017ar\u00f3de\u0142 zasilania (lod\u00f3wek, podgrzewaczy, grzejnik\u00f3w, kamer, router\u00f3w itd.). Urz\u0105dzenia elektroniczne mog\u0105 ulec awarii na skutek przepi\u0119\u0107. Urz\u0105dzenia elektryczne podczas za\u0142\u0105czania energii mog\u0105 spowodowa\u0107 zwarcie i po\u017car.<\/p>\n\n\n\n<p><u>Dzia\u0142kowc\u00f3w, kt\u00f3rzy posiadaj\u0105 na swojej dzia\u0142ce\u00a0skrzynki elektryczne rozdzielcze (najcz\u0119\u015bciej w naro\u017cniku &#8211; koloru br\u0105zowego)\u00a0prosimy o udost\u0119pnienie w konkretnych terminach wej\u015bcia na dzia\u0142k\u0119<br \/>i usuni\u0119cia przedmiot\u00f3w blokuj\u0105cych dost\u0119p.\u00a0<\/u>Dzia\u0142kowiec obowi\u0105zany jest umo\u017cliwi\u0107 dost\u0119p do infrastruktury ogrodowej na mocy Regulaminu ROD (\u00a7 74).<\/p>\n\n\n\n<p>O dok\u0142adnych terminach planowanych wy\u0142\u0105cze\u0144 poinformujemy z odpowiednim wyprzedzeniem.<\/p>\n\n\n\n<p>Prace b\u0119d\u0105 odbywa\u0142y si\u0119 w ci\u0105gu dnia a energia elektryczna zostanie przywr\u00f3cona niezw\u0142ocznie po ich zako\u0144czeniu z zastrze\u017ceniem, \u017ce zosta\u0142 podany stan obecnego podlicznika w terminie jak wy\u017cej.<\/p>\n\n\n\n<p>Je\u015bli dzia\u0142kowiec nie przeka\u017ce stanu dotychczasowego podlicznika do czasu planowanego przywr\u00f3cenia energii elektrycznej, nie zostanie ona za\u0142\u0105czona.\u00a0<u>Za\u0142\u0105czenie w p\u00f3\u017aniejszym terminie b\u0119dzie\u00a0p\u0142atne\u00a0zgodnie z uchwa\u0142\u0105 Walnego Zebrania.<\/u><\/p>\n\n\n\n<p>Monta\u017c podlicznik\u00f3w umo\u017cliwi odczyt zu\u017cycia energii elektrycznej na poszczeg\u00f3lnych dzia\u0142kach bez potrzeby odczytu podlicznik\u00f3w w domkach. W trakcie monta\u017cu podlicznik\u00f3w energii, zostanie tak\u017ce wymieniona infrastruktura wewn\u0105trz skrzynek rozdzielczych wraz z zabezpieczeniami nadpr\u0105dowymi.<\/p>\n\n\n\n<p class=\"has-text-align-center\"><strong>PROSIMY O WYROZUMIA\u0141O\u015a\u0106<\/strong><\/p>\n\n\n\n<p class=\"has-text-align-center\"><strong>I PRZEPRASZAMY ZA EWENTUALNE UTRUDNIENIA<\/strong><\/p>\n\n\n\n<p><\/p>\n","protected":false},"excerpt":{"rendered":"<p>Szanowni Pa\u0144stwo, W zwi\u0105zku z planowan\u0105 instalacj\u0105 podlicznik\u00f3w energii elektrycznej dla ka\u017cdej dzia\u0142ki uprzejmie prosimy o zapoznanie si\u0119 z harmonogramem prac zwi\u0105zanych z t\u0105 inwestycj\u0105. Dla sprawnego przeprowadzenia instalacji podlicznik\u00f3w prosimy o \u015bcis\u0142\u0105 wsp\u00f3\u0142prac\u0119 i dotrzymanie poni\u017cszych termin\u00f3w: Prosimy o przekazanie stanu obecnego podlicznika energii elektrycznej&nbsp;na dzie\u0144&nbsp;31.10.2025.&nbsp;(najlepiej ze zdj\u0119ciem stanu licznika) w formie pisemnej: Termin &hellip; <\/p>\n<p class=\"link-more\"><a href=\"http:\/\/www.rod-rakowiec.pl\/?p=1592\" class=\"more-link\">Czytaj dalej<span class=\"screen-reader-text\"> \u201eTermin przekazania stanu licznika energii elektrycznej ROD \u201eRakowiec\u201d\u201d<\/span><\/a><\/p>\n","protected":false},"author":1,"featured_media":0,"comment_status":"closed","ping_status":"closed","sticky":false,"template":"","format":"standard","meta":{"footnotes":""},"categories":[1],"tags":[],"class_list":["post-1592","post","type-post","status-publish","format-standard","hentry","category-uncategorized"],"_links":{"self":[{"href":"http:\/\/www.rod-rakowiec.pl\/index.php?rest_route=\/wp\/v2\/posts\/1592","targetHints":{"allow":["GET"]}}],"collection":[{"href":"http:\/\/www.rod-rakowiec.pl\/index.php?rest_route=\/wp\/v2\/posts"}],"about":[{"href":"http:\/\/www.rod-rakowiec.pl\/index.php?rest_route=\/wp\/v2\/types\/post"}],"author":[{"embeddable":true,"href":"http:\/\/www.rod-rakowiec.pl\/index.php?rest_route=\/wp\/v2\/users\/1"}],"replies":[{"embeddable":true,"href":"http:\/\/www.rod-rakowiec.pl\/index.php?rest_route=%2Fwp%2Fv2%2Fcomments&post=1592"}],"version-history":[{"count":1,"href":"http:\/\/www.rod-rakowiec.pl\/index.php?rest_route=\/wp\/v2\/posts\/1592\/revisions"}],"predecessor-version":[{"id":1593,"href":"http:\/\/www.rod-rakowiec.pl\/index.php?rest_route=\/wp\/v2\/posts\/1592\/revisions\/1593"}],"wp:attachment":[{"href":"http:\/\/www.rod-rakowiec.pl\/index.php?rest_route=%2Fwp%2Fv2%2Fmedia&parent=1592"}],"wp:term":[{"taxonomy":"category","embeddable":true,"href":"http:\/\/www.rod-rakowiec.pl\/index.php?rest_route=%2Fwp%2Fv2%2Fcategories&post=1592"},{"taxonomy":"post_tag","embeddable":true,"href":"http:\/\/www.rod-rakowiec.pl\/index.php?rest_route=%2Fwp%2Fv2%2Ftags&post=1592"}],"curies":[{"name":"wp","href":"https:\/\/api.w.org\/{rel}","templated":true}]}}