{"id":1563,"date":"2025-09-11T11:47:55","date_gmt":"2025-09-11T11:47:55","guid":{"rendered":"http:\/\/www.rod-rakowiec.pl\/?p=1563"},"modified":"2025-09-11T11:51:41","modified_gmt":"2025-09-11T11:51:41","slug":"plan-rozwoju-warszawy-o-krok-od-uchwalenia-horyzont-na-20-lat","status":"publish","type":"post","link":"http:\/\/www.rod-rakowiec.pl\/?p=1563","title":{"rendered":"Plan rozwoju Warszawy o krok od uchwalenia. Horyzont na 20 lat"},"content":{"rendered":"\n<p>Warszawa zbli\u017ca si\u0119 do uchwalenia Planu Og\u00f3lnego. Najobszerniejszy dokument planistyczny w kraju trafi\u0142 w\u0142a\u015bnie do publicznego wgl\u0105du. Na etap sk\u0142adania swoich uwag mieszka\u0144cy b\u0119d\u0105 musieli jednak jeszcze poczeka\u0107. Projekt najpierw musi zosta\u0107 zaopiniowany przez 80 instytucji.<\/p>\n\n\n\n<p>Plan Og\u00f3lny wyznacza kierunki rozwoju przestrzennego stolicy na najbli\u017csze 20 lat. \u2013 To na razie projekt projektu, kt\u00f3ry teraz b\u0119dzie opiniowany przez 80 instytucji, w tym wojew\u00f3dzkiego konserwatora zabytk\u00f3w, PKP, ministerstwa i inne. To niezwykle trudny i z\u0142o\u017cony proces, a maj\u0105c do\u015bwiadczenia innych miast, wiemy, \u017ce nierzadko pojawiaj\u0105 si\u0119 o\u015bwiadczenia sprzeczne \u2013 m\u00f3wi Renata Kaznowska, wiceprezydentka Warszawy.<\/p>\n\n\n\n<p>Dokument obejmuje ponad 500 km\/2 powierzchni miasta, podzielonej na 16 tysi\u0119cy stref planistycznych. W ci\u0105gu dw\u00f3ch dekad stolica ma rozrosn\u0105\u0107 si\u0119 o ponad 32 mln m\/2 powierzchni u\u017cytkowej mieszka\u0144. \u2013 Zosta\u0142o wykonane ogromne zadanie obliczeniowe i analityczne, aby wykaza\u0107, \u017ce w Warszawie, przy obecnej demografii przygotowanej przez GUS, mo\u017cna nadal wskazywa\u0107 tereny rozwojowe \u2013 m\u00f3wi Bartosz Rozbiewski, p.o dyrektora miejskiego Biura Architektury i Planowania Przestrzennego.<\/p>\n\n\n\n<p>Zgodnie z tymi prognozami, w 2044 roku Warszawa b\u0119dzie mia\u0142a 1,9 mln mieszka\u0144c\u00f3w. Plan og\u00f3lny, okre\u015blaj\u0105cy polityk\u0119 przestrzenn\u0105, musz\u0105 opracowa\u0107 wszystkie gminy w kraju, zgodnie ze szczeg\u00f3\u0142owymi wytycznymi ustawodawcy. \u2013 Budowa uzupe\u0142niaj\u0105ca mo\u017ce by\u0107 tylko kontynuacj\u0105 obecnie istniej\u0105cej zabudowy i pewnie ten element te\u017c wzbudzi kontrowersje \u2013 m\u00f3wi Jaros\u0142aw J\u00f3\u017awiak, by\u0142y wiceprezydent Warszawy.<\/p>\n\n\n\n<p>Spo\u015br\u00f3d ponad 63 tys. postulat\u00f3w, kt\u00f3re wp\u0142yn\u0119\u0142y do miasta na pocz\u0105tku prac nad dokumentem, najcz\u0119\u015bciej pytano o przysz\u0142o\u015b\u0107 ogr\u00f3dk\u00f3w dzia\u0142kowych. \u2013 Wzbudzi\u0142y naprawd\u0119 spore emocje. Podj\u0119li\u015bmy decyzj\u0119, \u017ce wszystkie ogr\u00f3dki dzia\u0142kowe w ramach ROD-\u00f3w pozostaj\u0105 w planach og\u00f3lnych \u2013 m\u00f3wi Kaznowska.<\/p>\n\n\n\n<p>Na sk\u0142adanie uwag do projektu przyjdzie jeszcze czas. Je\u015bli dokument zostanie zatwierdzony w terminie, konsultacje spo\u0142eczne rozpoczn\u0105 si\u0119 14 listopada.<\/p>\n","protected":false},"excerpt":{"rendered":"<p>Warszawa zbli\u017ca si\u0119 do uchwalenia Planu Og\u00f3lnego. Najobszerniejszy dokument planistyczny w kraju trafi\u0142 w\u0142a\u015bnie do publicznego wgl\u0105du. Na etap sk\u0142adania swoich uwag mieszka\u0144cy b\u0119d\u0105 musieli jednak jeszcze poczeka\u0107. Projekt najpierw musi zosta\u0107 zaopiniowany przez 80 instytucji. Plan Og\u00f3lny wyznacza kierunki rozwoju przestrzennego stolicy na najbli\u017csze 20 lat. \u2013 To na razie projekt projektu, kt\u00f3ry teraz &hellip; <\/p>\n<p class=\"link-more\"><a href=\"http:\/\/www.rod-rakowiec.pl\/?p=1563\" class=\"more-link\">Czytaj dalej<span class=\"screen-reader-text\"> \u201ePlan rozwoju Warszawy o krok od uchwalenia. Horyzont na 20 lat\u201d<\/span><\/a><\/p>\n","protected":false},"author":1,"featured_media":0,"comment_status":"closed","ping_status":"closed","sticky":false,"template":"","format":"standard","meta":{"footnotes":""},"categories":[1],"tags":[],"class_list":["post-1563","post","type-post","status-publish","format-standard","hentry","category-uncategorized"],"_links":{"self":[{"href":"http:\/\/www.rod-rakowiec.pl\/index.php?rest_route=\/wp\/v2\/posts\/1563","targetHints":{"allow":["GET"]}}],"collection":[{"href":"http:\/\/www.rod-rakowiec.pl\/index.php?rest_route=\/wp\/v2\/posts"}],"about":[{"href":"http:\/\/www.rod-rakowiec.pl\/index.php?rest_route=\/wp\/v2\/types\/post"}],"author":[{"embeddable":true,"href":"http:\/\/www.rod-rakowiec.pl\/index.php?rest_route=\/wp\/v2\/users\/1"}],"replies":[{"embeddable":true,"href":"http:\/\/www.rod-rakowiec.pl\/index.php?rest_route=%2Fwp%2Fv2%2Fcomments&post=1563"}],"version-history":[{"count":4,"href":"http:\/\/www.rod-rakowiec.pl\/index.php?rest_route=\/wp\/v2\/posts\/1563\/revisions"}],"predecessor-version":[{"id":1567,"href":"http:\/\/www.rod-rakowiec.pl\/index.php?rest_route=\/wp\/v2\/posts\/1563\/revisions\/1567"}],"wp:attachment":[{"href":"http:\/\/www.rod-rakowiec.pl\/index.php?rest_route=%2Fwp%2Fv2%2Fmedia&parent=1563"}],"wp:term":[{"taxonomy":"category","embeddable":true,"href":"http:\/\/www.rod-rakowiec.pl\/index.php?rest_route=%2Fwp%2Fv2%2Fcategories&post=1563"},{"taxonomy":"post_tag","embeddable":true,"href":"http:\/\/www.rod-rakowiec.pl\/index.php?rest_route=%2Fwp%2Fv2%2Ftags&post=1563"}],"curies":[{"name":"wp","href":"https:\/\/api.w.org\/{rel}","templated":true}]}}