{"id":1545,"date":"2025-06-27T10:22:14","date_gmt":"2025-06-27T10:22:14","guid":{"rendered":"http:\/\/www.rod-rakowiec.pl\/?p=1545"},"modified":"2025-06-27T10:22:14","modified_gmt":"2025-06-27T10:22:14","slug":"warsztaty-poswiecone-kompostowaniu","status":"publish","type":"post","link":"http:\/\/www.rod-rakowiec.pl\/?p=1545","title":{"rendered":"Warsztaty po\u015bwi\u0119cone kompostowaniu"},"content":{"rendered":"\n<p>Szanowni Pa\u0144stwo,<\/p>\n\n\n\n<p>w imieniu Zarz\u0105du ROD Wiarus w Warszawie serdecznie zapraszamy dzia\u0142kowc\u00f3w z Pa\u0144stwa ogrodu na otwarte&nbsp;<strong>warsztaty po\u015bwi\u0119cone kompostowaniu<\/strong>, kt\u00f3re odb\u0119d\u0105 si\u0119&nbsp;<strong>w niedziel\u0119, 29 czerwca 2025 r. o godz. 12:00<\/strong>&nbsp;w terenie wsp\u00f3lnym naszego ogrodu:&nbsp;<strong>ROD Wiarus, ul. Rac\u0142awicka 140 &#8211; Mokot\u00f3w<\/strong>.<\/p>\n\n\n\n<p>Wydarzenie organizujemy we wsp\u00f3\u0142pracy z Okr\u0119giem Mazowieckim PZD. Warsztaty poprowadzi&nbsp;<strong>Andrzej Mi\u0144ski<\/strong>&nbsp;\u2013 ogrodnik i edukator z ogrodu spo\u0142eczno\u015bciowego&nbsp;<em>Motyka i S\u0142o\u0144ce<\/em>&nbsp;oraz Sp\u00f3\u0142dzielczej Farmy&nbsp;<em>MOST<\/em>, specjalizuj\u0105cy si\u0119 w technikach szybkiego kompostowania wysokotemperaturowego.<\/p>\n\n\n\n<p>Podczas spotkania uczestnicy dowiedz\u0105 si\u0119 m.in.:<\/p>\n\n\n\n<p>\u2013 jak skutecznie prowadzi\u0107 kompostownik,<\/p>\n\n\n\n<p>\u2013&nbsp;co kompostowa\u0107, a czego unika\u0107,<\/p>\n\n\n\n<p>\u2013&nbsp;jak wykorzystywa\u0107 kompost w ogrodzie i poprawia\u0107 struktur\u0119 gleby bez chemii,<\/p>\n\n\n\n<p>\u2013&nbsp;jak ograniczy\u0107 ilo\u015b\u0107 bioodpad\u00f3w i obni\u017cy\u0107 koszty ich wywozu.<\/p>\n\n\n\n<p><strong>Temat warsztat\u00f3w jest szczeg\u00f3lnie istotny w kontek\u015bcie przepis\u00f3w Regulaminu ROD<\/strong>, kt\u00f3re wprost wskazuj\u0105, \u017ce:<\/p>\n\n\n\n<p>\u2013&nbsp;<em>ka\u017cda dzia\u0142ka musi by\u0107 wyposa\u017cona w kompostownik<\/em>&nbsp;(\u00a7 42 ust. 1),<\/p>\n\n\n\n<p>\u2013&nbsp;<em>dzia\u0142kowiec ma obowi\u0105zek kompostowa\u0107 odpady organiczne, w szczeg\u00f3lno\u015bci cz\u0119\u015bci ro\u015blin pochodz\u0105ce z dzia\u0142ki<\/em>&nbsp;(\u00a7 42 ust. 3)<\/p>\n\n\n\n<figure class=\"wp-block-image size-full\"><a href=\"http:\/\/www.rod-rakowiec.pl\/wp-content\/uploads\/2025\/06\/512669497_1031152192459790_8218878803501651344_n.jpg\"><img loading=\"lazy\" decoding=\"async\" width=\"960\" height=\"503\" src=\"http:\/\/www.rod-rakowiec.pl\/wp-content\/uploads\/2025\/06\/512669497_1031152192459790_8218878803501651344_n.jpg\" alt=\"\" class=\"wp-image-1546\" srcset=\"http:\/\/www.rod-rakowiec.pl\/wp-content\/uploads\/2025\/06\/512669497_1031152192459790_8218878803501651344_n.jpg 960w, http:\/\/www.rod-rakowiec.pl\/wp-content\/uploads\/2025\/06\/512669497_1031152192459790_8218878803501651344_n-300x157.jpg 300w, http:\/\/www.rod-rakowiec.pl\/wp-content\/uploads\/2025\/06\/512669497_1031152192459790_8218878803501651344_n-768x402.jpg 768w\" sizes=\"auto, (max-width: 767px) 89vw, (max-width: 1000px) 54vw, (max-width: 1071px) 543px, 580px\" \/><\/a><\/figure>\n","protected":false},"excerpt":{"rendered":"<p>Szanowni Pa\u0144stwo, w imieniu Zarz\u0105du ROD Wiarus w Warszawie serdecznie zapraszamy dzia\u0142kowc\u00f3w z Pa\u0144stwa ogrodu na otwarte&nbsp;warsztaty po\u015bwi\u0119cone kompostowaniu, kt\u00f3re odb\u0119d\u0105 si\u0119&nbsp;w niedziel\u0119, 29 czerwca 2025 r. o godz. 12:00&nbsp;w terenie wsp\u00f3lnym naszego ogrodu:&nbsp;ROD Wiarus, ul. Rac\u0142awicka 140 &#8211; Mokot\u00f3w. Wydarzenie organizujemy we wsp\u00f3\u0142pracy z Okr\u0119giem Mazowieckim PZD. Warsztaty poprowadzi&nbsp;Andrzej Mi\u0144ski&nbsp;\u2013 ogrodnik i edukator z &hellip; <\/p>\n<p class=\"link-more\"><a href=\"http:\/\/www.rod-rakowiec.pl\/?p=1545\" class=\"more-link\">Czytaj dalej<span class=\"screen-reader-text\"> \u201eWarsztaty po\u015bwi\u0119cone kompostowaniu\u201d<\/span><\/a><\/p>\n","protected":false},"author":1,"featured_media":0,"comment_status":"closed","ping_status":"closed","sticky":false,"template":"","format":"standard","meta":{"footnotes":""},"categories":[1],"tags":[],"class_list":["post-1545","post","type-post","status-publish","format-standard","hentry","category-uncategorized"],"_links":{"self":[{"href":"http:\/\/www.rod-rakowiec.pl\/index.php?rest_route=\/wp\/v2\/posts\/1545","targetHints":{"allow":["GET"]}}],"collection":[{"href":"http:\/\/www.rod-rakowiec.pl\/index.php?rest_route=\/wp\/v2\/posts"}],"about":[{"href":"http:\/\/www.rod-rakowiec.pl\/index.php?rest_route=\/wp\/v2\/types\/post"}],"author":[{"embeddable":true,"href":"http:\/\/www.rod-rakowiec.pl\/index.php?rest_route=\/wp\/v2\/users\/1"}],"replies":[{"embeddable":true,"href":"http:\/\/www.rod-rakowiec.pl\/index.php?rest_route=%2Fwp%2Fv2%2Fcomments&post=1545"}],"version-history":[{"count":1,"href":"http:\/\/www.rod-rakowiec.pl\/index.php?rest_route=\/wp\/v2\/posts\/1545\/revisions"}],"predecessor-version":[{"id":1547,"href":"http:\/\/www.rod-rakowiec.pl\/index.php?rest_route=\/wp\/v2\/posts\/1545\/revisions\/1547"}],"wp:attachment":[{"href":"http:\/\/www.rod-rakowiec.pl\/index.php?rest_route=%2Fwp%2Fv2%2Fmedia&parent=1545"}],"wp:term":[{"taxonomy":"category","embeddable":true,"href":"http:\/\/www.rod-rakowiec.pl\/index.php?rest_route=%2Fwp%2Fv2%2Fcategories&post=1545"},{"taxonomy":"post_tag","embeddable":true,"href":"http:\/\/www.rod-rakowiec.pl\/index.php?rest_route=%2Fwp%2Fv2%2Ftags&post=1545"}],"curies":[{"name":"wp","href":"https:\/\/api.w.org\/{rel}","templated":true}]}}