{"id":1520,"date":"2025-05-12T12:37:14","date_gmt":"2025-05-12T12:37:14","guid":{"rendered":"http:\/\/www.rod-rakowiec.pl\/?p=1520"},"modified":"2025-05-12T12:37:14","modified_gmt":"2025-05-12T12:37:14","slug":"przedzialy-czasowe-wiosennego-przegladu-dzialek","status":"publish","type":"post","link":"http:\/\/www.rod-rakowiec.pl\/?p=1520","title":{"rendered":"Przedzia\u0142y czasowe wiosennego przegl\u0105du dzia\u0142ek"},"content":{"rendered":"\n<p>Szanowni Pa\u0144stwo,<\/p>\n\n\n\n<p>poni\u017cej przesy\u0142amy orientacyjne przedzia\u0142y czasowe wiosennego przegl\u0105du dzia\u0142ek, kt\u00f3ry zostanie przeprowadzony w dniu 17.05.2025 r., dla danego sektora ogrodu:<\/p>\n\n\n\n<p>Dzia\u0142ki o nr od 352 do 482 godz. 9:30 -11:30<\/p>\n\n\n\n<p>Dzia\u0142ki o nr od 253 do 351, 513, 514 godz. 11:30 -12:30<\/p>\n\n\n\n<p>Dzia\u0142ki o nr od 120 do 252 godz. 12:30 -14:00<\/p>\n\n\n\n<p>Dzia\u0142ki o nr od 1 do 120, od 482 do 513, od 515 do 519 godz. 14:00 &#8211; 16:00<\/p>\n\n\n\n<p>W celu usprawnienia przegl\u0105du prosimy uprzejmie o odpowied\u017a na nast\u0119puj\u0105ce pytania:<\/p>\n\n\n\n<p>1. Czy b\u0119d\u0105 Pa\u0144stwo obecni na dzia\u0142ce w podanym przedziale czasowym w dniu 17.05?<\/p>\n\n\n\n<p>2. Czy posiadaj\u0105 Pa\u0144stwo kompostownik na dzia\u0142ce? Prosimy o informacj\u0119, w kt\u00f3rej cz\u0119\u015bci dzia\u0142ki on si\u0119 znajduje.<\/p>\n\n\n\n<p>Prosimy o udzielenie odpowiedzi drog\u0105 mailow\u0105 albo pozostawienie informacji pisemnej (z podaniem nr dzia\u0142ki) Panu Ochroniarzowi.<\/p>\n\n\n\n<p>Z g\u00f3ry dzi\u0119kujemy za Pa\u0144stwa pomoc.<\/p>\n\n\n\n<p>Serdeczne pozdrowienia,<\/p>\n\n\n\n<p>Zarz\u0105d ROD \u201eRakowiec\u201d<\/p>\n","protected":false},"excerpt":{"rendered":"<p>Szanowni Pa\u0144stwo, poni\u017cej przesy\u0142amy orientacyjne przedzia\u0142y czasowe wiosennego przegl\u0105du dzia\u0142ek, kt\u00f3ry zostanie przeprowadzony w dniu 17.05.2025 r., dla danego sektora ogrodu: Dzia\u0142ki o nr od 352 do 482 godz. 9:30 -11:30 Dzia\u0142ki o nr od 253 do 351, 513, 514 godz. 11:30 -12:30 Dzia\u0142ki o nr od 120 do 252 godz. 12:30 -14:00 Dzia\u0142ki o &hellip; <\/p>\n<p class=\"link-more\"><a href=\"http:\/\/www.rod-rakowiec.pl\/?p=1520\" class=\"more-link\">Czytaj dalej<span class=\"screen-reader-text\"> \u201ePrzedzia\u0142y czasowe wiosennego przegl\u0105du dzia\u0142ek\u201d<\/span><\/a><\/p>\n","protected":false},"author":1,"featured_media":0,"comment_status":"closed","ping_status":"closed","sticky":false,"template":"","format":"standard","meta":{"footnotes":""},"categories":[1],"tags":[],"class_list":["post-1520","post","type-post","status-publish","format-standard","hentry","category-uncategorized"],"_links":{"self":[{"href":"http:\/\/www.rod-rakowiec.pl\/index.php?rest_route=\/wp\/v2\/posts\/1520","targetHints":{"allow":["GET"]}}],"collection":[{"href":"http:\/\/www.rod-rakowiec.pl\/index.php?rest_route=\/wp\/v2\/posts"}],"about":[{"href":"http:\/\/www.rod-rakowiec.pl\/index.php?rest_route=\/wp\/v2\/types\/post"}],"author":[{"embeddable":true,"href":"http:\/\/www.rod-rakowiec.pl\/index.php?rest_route=\/wp\/v2\/users\/1"}],"replies":[{"embeddable":true,"href":"http:\/\/www.rod-rakowiec.pl\/index.php?rest_route=%2Fwp%2Fv2%2Fcomments&post=1520"}],"version-history":[{"count":1,"href":"http:\/\/www.rod-rakowiec.pl\/index.php?rest_route=\/wp\/v2\/posts\/1520\/revisions"}],"predecessor-version":[{"id":1521,"href":"http:\/\/www.rod-rakowiec.pl\/index.php?rest_route=\/wp\/v2\/posts\/1520\/revisions\/1521"}],"wp:attachment":[{"href":"http:\/\/www.rod-rakowiec.pl\/index.php?rest_route=%2Fwp%2Fv2%2Fmedia&parent=1520"}],"wp:term":[{"taxonomy":"category","embeddable":true,"href":"http:\/\/www.rod-rakowiec.pl\/index.php?rest_route=%2Fwp%2Fv2%2Fcategories&post=1520"},{"taxonomy":"post_tag","embeddable":true,"href":"http:\/\/www.rod-rakowiec.pl\/index.php?rest_route=%2Fwp%2Fv2%2Ftags&post=1520"}],"curies":[{"name":"wp","href":"https:\/\/api.w.org\/{rel}","templated":true}]}}