{"id":1314,"date":"2024-07-10T14:45:51","date_gmt":"2024-07-10T14:45:51","guid":{"rendered":"http:\/\/www.rod-rakowiec.pl\/?p=1314"},"modified":"2024-07-10T14:45:51","modified_gmt":"2024-07-10T14:45:51","slug":"rada-m-st-warszawy-przyjela-uchwale-o-przystapieniu-do-sporzadzenia-planu-ogolnego-warszawy","status":"publish","type":"post","link":"http:\/\/www.rod-rakowiec.pl\/?p=1314","title":{"rendered":"Rada M. St. Warszawy przyj\u0119\u0142a uchwa\u0142\u0119 o przyst\u0105pieniu do sporz\u0105dzenia planu og\u00f3lnego Warszawy"},"content":{"rendered":"\n<p>W dniu 4.07.2024 r. odby\u0142o si\u0119 posiedzenie Rady Miasta Sto\u0142ecznego Warszawy. Jednym z punkt\u00f3w planu obrad by\u0142 projekt uchwa\u0142y Rady m.st. Warszawy w sprawie przyst\u0105pienia do sporz\u0105dzania planu og\u00f3lnego m.st. Warszawy.<\/p>\n\n\n\n<p>Pani Prezydent Reneta Kaznowska przedstawi\u0142a prezentacj\u0119 dotycz\u0105c\u0105 strategii rozwoju Warszawy 2040+ i planu og\u00f3lnego omawiaj\u0105c<br \/>szczeg\u00f3\u0142owo harmonogram prac nad planem i strategi\u0105, przedstawi\u0142a r\u00f3wnie\u017c najwa\u017cniejsze cele oraz spos\u00f3b kszta\u0142towania i prowadzenia polityki przestrzennej. Pani Radna Marta Szczepa\u0144ska zwr\u00f3ci\u0142a si\u0119 do Pani Prezydent z pro\u015bb\u0105 o zwr\u00f3cenie szczeg\u00f3lnej uwagi na dzia\u0142ania zwi\u0105zane z kampani\u0105 informacyjn\u0105 w\u015br\u00f3d mieszka\u0144c\u00f3w Warszawy. Zapyta\u0142a r\u00f3wnie\u017c pani\u0105 Prezydent o wnioski kt\u00f3re mieszka\u0144cy Warszawy sk\u0142adali do studium zagospodarowania przestrzennego i ich mo\u017cliwej roli podczas procesu przygotowywania i uchwalania planu og\u00f3lnego. Pani Prezydent Renata Kaznowska wyja\u015bni\u0142a \u017ce wnioski kt\u00f3re zebrano w 2023 roku b\u0119d\u0105 stanowi\u0142y \u201ezaoczn\u0105\u201d form\u0119 konsultacji natomiast nie b\u0119d\u0105 traktowane na r\u00f3wni z wnioskami do planu og\u00f3lnego kt\u00f3re mieszka\u0144cy b\u0119d\u0105 sk\u0142ada\u0107 we wrze\u015bniu tego roku.<\/p>\n\n\n\n<p>W\u015br\u00f3d os\u00f3b wyst\u0119puj\u0105cych przed radnymi by\u0142 Prezes Okr\u0119gu Mazowieckiego Polskiego Zwi\u0105zku Dzia\u0142kowc\u00f3w Pan Grzegorz Buklad. Przedstawi\u0142 obawy dzia\u0142kowc\u00f3w, dotycz\u0105ce istnienia rodzinnych ogrod\u00f3w dzia\u0142kowych oraz zagro\u017ce\u0144 jakie mo\u017ce nie\u015b\u0107 ze sob\u0105 plan og\u00f3lny i umieszczenie rodzinnego ogrodu dzia\u0142kowego w strefie nie dopuszczaj\u0105cej jego istnienia.<\/p>\n\n\n\n<p>Mieli\u015bmy przyjemno\u015b\u0107 wys\u0142ucha\u0107 r\u00f3wnie doskona\u0142ych przem\u00f3wie\u0144 przedstawicieli Porozumienia Ludno\u015b\u0107 Warszawy. Pani Ma\u0142gorzata<br \/>Rapacka zobowi\u0105za\u0142a si\u0119 do przeprowadzenia badania spo\u0142ecznego na podstawie kt\u00f3rego porozumienie sporz\u0105dzi spo\u0142eczny plan og\u00f3lny po czym przedstawi go Radzie Warszawy. Porozumienie wspiera postulaty dzia\u0142kowc\u00f3w oraz mieszka\u0144c\u00f3w Warszawy dotycz\u0105ce zachowania ogrod\u00f3w dzia\u0142kowych na dotychczasowych terenach oraz zwr\u00f3cenia szczeg\u00f3lnej uwagi radnych na ochron\u0119 \u015brodowiska podczas uchwalania planu og\u00f3lnego oraz plan\u00f3w miejscowych.<\/p>\n\n\n\n<p>Uchwa\u0142\u0119 w sprawie przyst\u0105pienia do sporz\u0105dzania planu og\u00f3lnego m.st. Warszawy radni przyj\u0119li jednog\u0142o\u015bnie.<\/p>\n\n\n\n<p>Sylwia Wnuk<\/p>\n\n\n\n<p>\u0179r\u00f3d\u0142o:<\/p>\n\n\n\n<p><blockquote class=\"wp-embedded-content\" data-secret=\"ynIRNyFjxB\"><a href=\"http:\/\/mazowiecki.pzd.pl\/rada-m-st-warszawy-przyjela-uchwale-o-przystapieniu-do-sporzadzenia-planu-ogolnego-warszawy\/\">Rada M. St. Warszawy przyj\u0119\u0142a uchwa\u0142\u0119 o przyst\u0105pieniu do sporz\u0105dzenia planu og\u00f3lnego Warszawy.<\/a><\/blockquote><iframe loading=\"lazy\" class=\"wp-embedded-content\" sandbox=\"allow-scripts\" security=\"restricted\" style=\"position: absolute; clip: rect(1px, 1px, 1px, 1px);\" title=\"&#8222;Rada M. St. Warszawy przyj\u0119\u0142a uchwa\u0142\u0119 o przyst\u0105pieniu do sporz\u0105dzenia planu og\u00f3lnego Warszawy.&#8221; &#8212; OZ Mazowiecki PZD \" src=\"http:\/\/mazowiecki.pzd.pl\/rada-m-st-warszawy-przyjela-uchwale-o-przystapieniu-do-sporzadzenia-planu-ogolnego-warszawy\/embed\/#?secret=8tQrRdRW8G#?secret=ynIRNyFjxB\" data-secret=\"ynIRNyFjxB\" width=\"525\" height=\"296\" frameborder=\"0\" marginwidth=\"0\" marginheight=\"0\" scrolling=\"no\"><\/iframe><\/p>\n","protected":false},"excerpt":{"rendered":"<p>W dniu 4.07.2024 r. odby\u0142o si\u0119 posiedzenie Rady Miasta Sto\u0142ecznego Warszawy. Jednym z punkt\u00f3w planu obrad by\u0142 projekt uchwa\u0142y Rady m.st. Warszawy w sprawie przyst\u0105pienia do sporz\u0105dzania planu og\u00f3lnego m.st. Warszawy. Pani Prezydent Reneta Kaznowska przedstawi\u0142a prezentacj\u0119 dotycz\u0105c\u0105 strategii rozwoju Warszawy 2040+ i planu og\u00f3lnego omawiaj\u0105cszczeg\u00f3\u0142owo harmonogram prac nad planem i strategi\u0105, przedstawi\u0142a r\u00f3wnie\u017c najwa\u017cniejsze &hellip; <\/p>\n<p class=\"link-more\"><a href=\"http:\/\/www.rod-rakowiec.pl\/?p=1314\" class=\"more-link\">Czytaj dalej<span class=\"screen-reader-text\"> \u201eRada M. St. Warszawy przyj\u0119\u0142a uchwa\u0142\u0119 o przyst\u0105pieniu do sporz\u0105dzenia planu og\u00f3lnego Warszawy\u201d<\/span><\/a><\/p>\n","protected":false},"author":1,"featured_media":0,"comment_status":"closed","ping_status":"closed","sticky":false,"template":"","format":"standard","meta":{"footnotes":""},"categories":[1],"tags":[],"class_list":["post-1314","post","type-post","status-publish","format-standard","hentry","category-uncategorized"],"_links":{"self":[{"href":"http:\/\/www.rod-rakowiec.pl\/index.php?rest_route=\/wp\/v2\/posts\/1314","targetHints":{"allow":["GET"]}}],"collection":[{"href":"http:\/\/www.rod-rakowiec.pl\/index.php?rest_route=\/wp\/v2\/posts"}],"about":[{"href":"http:\/\/www.rod-rakowiec.pl\/index.php?rest_route=\/wp\/v2\/types\/post"}],"author":[{"embeddable":true,"href":"http:\/\/www.rod-rakowiec.pl\/index.php?rest_route=\/wp\/v2\/users\/1"}],"replies":[{"embeddable":true,"href":"http:\/\/www.rod-rakowiec.pl\/index.php?rest_route=%2Fwp%2Fv2%2Fcomments&post=1314"}],"version-history":[{"count":1,"href":"http:\/\/www.rod-rakowiec.pl\/index.php?rest_route=\/wp\/v2\/posts\/1314\/revisions"}],"predecessor-version":[{"id":1316,"href":"http:\/\/www.rod-rakowiec.pl\/index.php?rest_route=\/wp\/v2\/posts\/1314\/revisions\/1316"}],"wp:attachment":[{"href":"http:\/\/www.rod-rakowiec.pl\/index.php?rest_route=%2Fwp%2Fv2%2Fmedia&parent=1314"}],"wp:term":[{"taxonomy":"category","embeddable":true,"href":"http:\/\/www.rod-rakowiec.pl\/index.php?rest_route=%2Fwp%2Fv2%2Fcategories&post=1314"},{"taxonomy":"post_tag","embeddable":true,"href":"http:\/\/www.rod-rakowiec.pl\/index.php?rest_route=%2Fwp%2Fv2%2Ftags&post=1314"}],"curies":[{"name":"wp","href":"https:\/\/api.w.org\/{rel}","templated":true}]}}