{"id":1302,"date":"2024-06-12T11:56:57","date_gmt":"2024-06-12T11:56:57","guid":{"rendered":"http:\/\/www.rod-rakowiec.pl\/?p=1302"},"modified":"2024-06-12T11:56:57","modified_gmt":"2024-06-12T11:56:57","slug":"posiedzenie-komisji-ladu-przestrzennego-miasta-st-warszawy-11-06-2024","status":"publish","type":"post","link":"http:\/\/www.rod-rakowiec.pl\/?p=1302","title":{"rendered":"Posiedzenie Komisji \u0141adu Przestrzennego Miasta st. Warszawy &#8211; 11.06.2024"},"content":{"rendered":"\n<p>W dniu 10 czerwca 2024 r. w Pa\u0142acu Kultury i Nauki odby\u0142o si\u0119 posiedzenie Komisji \u0141adu Przestrzennego Miasta Sto\u0142ecznego Warszawy. W posiedzeniu udzia\u0142 wzi\u0119li Pani Renata Kazanowska \u2013 Wiceprezydent M. St. Warszawy i Pan Bartosz Rozbiewski \u2013 Dyrektor Biura Architektury i Planowania Przestrzennego, a tak\u017ce zainteresowani mieszka\u0144cy stolicy. Z ramienia Okr\u0119gu Mazowieckiego PZD w posiedzeniu uczestniczy\u0142y: Ma\u0142gorzata Rutowicz-Rak \u2013 kierownik Wydzia\u0142u Terenowo-Prawnego i Aleksandra Swoboda \u2013 inspektor ds. terenowo-prawnych. Obecni byli r\u00f3wnie\u017c przedstawiciele warszawskich ROD: Mechanizacja oraz Siekierki.<\/p>\n\n\n\n<p>Przewodnicz\u0105ca Komisji Pani Ewa Janczar poinformowa\u0142a, \u017ce posiedzenie po\u015bwi\u0119cone jest tematowi planu og\u00f3lnego. W ubieg\u0142ym roku procedowane by\u0142o studium uwarunkowa\u0144 i kierunk\u00f3w zagospodarowania przestrzennego, kt\u00f3re spotka\u0142o si\u0119 z du\u017cym zainteresowaniem ze strony mieszka\u0144c\u00f3w, dlatego jak wskaza\u0142a Przewodnicz\u0105c warto otworzy\u0107 si\u0119 na dialog r\u00f3wnie\u017c teraz, gdy Miasto przygotowuje si\u0119 do opracowania nowego dokumentu planistycznego. Wskaza\u0142a r\u00f3wnie\u017c, \u017ce planowane s\u0105 nast\u0119pne posiedzenia Komisji dedykowane temu zagadnieniu.<\/p>\n\n\n\n<p>Pani Renata Kazanowska wyja\u015bni\u0142a, \u017ce Miasto r\u00f3wnolegle b\u0119dzie opracowywa\u0107 dwa kluczowe dla rozwoju Miasta dokumenty, a mianowicie strategi\u0119 rozwoju miasta i plan og\u00f3lny.&nbsp; Strategia rozwoju gminy ma okre\u015bla\u0107 polityk\u0119 przestrzenn\u0105 Miasta, z kolei plan og\u00f3lny wynika\u0107 b\u0119dzie ze strategii rozwoju gminy. Uchwalane w przysz\u0142o\u015bci miejscowe plany zagospodarowania przestrzennego b\u0119d\u0105 musia\u0142y uwzgl\u0119dnia\u0107 zapisy strategii i planu. Zwr\u00f3ci\u0142a uwag\u0119, \u017ce czasu na uchwalenie obu akt\u00f3w jest bardzo ma\u0142o, gdy\u017c musz\u0105 one powsta\u0107 do ko\u0144ca 2025 r. Wskaza\u0142a, \u017ce&nbsp;<strong>w dniu 4 lipca 2024 r. planowane jest podj\u0119cie uchwa\u0142y o przyst\u0105pieniu do sporz\u0105dzenia planu og\u00f3lnego.<\/strong>&nbsp;<strong>Wnioski do planu wszyscy zainteresowani b\u0119d\u0105 mogli sk\u0142ada\u0107&nbsp;w terminie od 4 do 30 wrze\u015bnia 2024 r.<\/strong>&nbsp;Z\u0142o\u017cone wnioski i uwagi zostan\u0105 przeanalizowane, a nast\u0119pnie&nbsp;<strong>w marcu 2025 r. projekt planu zostanie przedstawiony do akceptacji konkretnym instytucjom<\/strong>, m.in. Wodom Polskim.&nbsp;<strong>Wy\u0142o\u017cenie planu og\u00f3lnego do konsultacji spo\u0142ecznych planowane jest&nbsp;we wrze\u015bniu 2025 r.<\/strong><\/p>\n\n\n\n<p>Pan Bartosz Rozbiewski opisa\u0142 maj\u0105cy powsta\u0107 plan og\u00f3lny jako baz\u0119 danych, kt\u00f3ra b\u0119dzie stanowi\u0107 opis miasta w kontek\u015bcie stref planistycznych. Ka\u017cda z 13 przewidzianych rozporz\u0105dzeniem Ministra Rozwoju i Technologii stref b\u0119dzie zawiera\u0142a opis funkcji, przeznaczenie podstawowe oraz funkcje uzupe\u0142niaj\u0105ce. Wyja\u015bni\u0142, \u017ce opracowaniem strategii zajmie si\u0119 Biuro Strategii i Analiz, za\u015b przygotowaniem planu og\u00f3lnego \u2013 Biuro Architektury i Planowania Przestrzennego.<\/p>\n\n\n\n<p>Przedstawiciele Miasta zapewnili, \u017ce proces tworzenia strategii rozwoju miasta i planu og\u00f3lnego ma by\u0107 otwarty, nakierunkowany na umo\u017cliwienie ka\u017cdemu interesariuszowi wypowiedzenie si\u0119.<\/p>\n\n\n\n<p>Podczas otwartej dyskusji g\u0142os zabra\u0142a Pani Agnieszka Korczy\u0144ska \u2013 cz\u0142onek powo\u0142anego przez OZM PZD zespo\u0142u ds. planu og\u00f3lnego (ROD Mechanizacja w Warszawie), kt\u00f3ra zapyta\u0142a, na ile Miasto podczas opracowywania planu og\u00f3lnego b\u0119dzie bra\u0142o pod uwag\u0119 tysi\u0105ce wniosk\u00f3w z\u0142o\u017conych przez mieszka\u0144c\u00f3w i dzia\u0142kowc\u00f3w podczas opracowywania studium uwarunkowa\u0144 i kierunk\u00f3w zagospodarowania przestrzennego. Dyrektor Rozbiewski wskaza\u0142, \u017ce z\u0142o\u017cone do studium uwagi b\u0119d\u0105 brane pod uwag\u0119 podczas prac nad planem og\u00f3lnym, jednak\u017ce z uwagi na fakt, \u017ce plan og\u00f3lny jest odr\u0119bnym dokumentem, kt\u00f3ry przygotowywany b\u0119dzie w ramach oddzielnej procedury, nie ma mo\u017cliwo\u015bci \u201ezaliczenia\u201d wniosk\u00f3w z\u0142o\u017conych do studium do wniosk\u00f3w, jakie zbierane b\u0119d\u0105 do planu og\u00f3lnego.&nbsp;<strong>Wnioski do planu b\u0119d\u0105 &nbsp;musia\u0142y by\u0107 sk\u0142adane na przygotowanym przez miasto formularzu<\/strong>, kt\u00f3ry b\u0119dzie mo\u017cna rozbudowa\u0107 o za\u0142\u0105cznik \u2013 na wypadek ch\u0119ci zg\u0142oszenia szerzej opracowanego uzasadnienia danego wniosku.<\/p>\n\n\n\n<p>Podczas spotkania g\u0142os zabra\u0142a te\u017c przedstawicielka OM PZD Ma\u0142gorzata Rutowicz-Rak, kt\u00f3ra przypomnia\u0142a, \u017ce przy opracowywaniu przez Miasto studium uwarunkowa\u0144 i kierunk\u00f3w zagospodarowania w\u0142adze miasta sformu\u0142owa\u0142y postulat \u201ezielonej stolicy\u201d. Wskaza\u0142a, \u017ce istotnym elementem istniej\u0105cej zieleni jest ziele\u0144 ogrod\u00f3w dzia\u0142kowych, kt\u00f3rych na terenie M. St. Warszawy funkcjonuje ponad 150. Nale\u017cy wdro\u017cy\u0107 dzia\u0142ania, kt\u00f3re zapewni\u0105 ochron\u0119 tych teren\u00f3w jako biologicznie cennych i maj\u0105cych nieocenion\u0105 rol\u0119 w kontek\u015bcie jako\u015bci powietrza w stolicy. Wskaza\u0142a, \u017ce spo\u0142eczno\u015b\u0107 dzia\u0142kowc\u00f3w w ubieg\u0142ym roku z\u0142o\u017cy\u0142a kilkana\u015bcie tysi\u0119cy wniosk\u00f3w do studium, zatem ich g\u0142os powinien by\u0107 wzi\u0119ty pod uwag\u0119 przez w\u0142adze miasta podczas prac nad planem og\u00f3lnym.&nbsp;<strong>Na koniec Ma\u0142gorzata Rutowicz-Rak przekaza\u0142a Komisji wyst\u0105pienie Okr\u0119gowego Zarz\u0105du Mazowieckiego PZD o wsparcie dzia\u0142a\u0144 zmierzaj\u0105cych do ochrony sto\u0142ecznych rodzinnych ogrod\u00f3w dzia\u0142kowych<\/strong>.<\/p>\n\n\n\n<p>Podczas spotkania Dyrektor Rozbiewski zauwa\u017cy\u0142, \u017ce na oko\u0142o 50&nbsp;000 wniosk\u00f3w z\u0142o\u017conych w roku ubieg\u0142ym do projektu studium uwarunkowa\u0144 i kierunk\u00f3w zagospodarowania przestrzennego a\u017c 12&nbsp;000 dotyczy\u0142o ROD.&nbsp;<strong>Pad\u0142a te\u017c z jego strony wa\u017cna deklaracja, \u017ce ogrody dzia\u0142kowe musz\u0105 pozosta\u0107 na mapie stolicy<\/strong>.<\/p>\n\n\n\n<p>Ma\u0142gorzata Rutowicz Rak<\/p>\n\n\n\n<p>Kierownik Dzia\u0142u Terenowo-Prawnego PZD<\/p>\n","protected":false},"excerpt":{"rendered":"<p>W dniu 10 czerwca 2024 r. w Pa\u0142acu Kultury i Nauki odby\u0142o si\u0119 posiedzenie Komisji \u0141adu Przestrzennego Miasta Sto\u0142ecznego Warszawy. W posiedzeniu udzia\u0142 wzi\u0119li Pani Renata Kazanowska \u2013 Wiceprezydent M. St. Warszawy i Pan Bartosz Rozbiewski \u2013 Dyrektor Biura Architektury i Planowania Przestrzennego, a tak\u017ce zainteresowani mieszka\u0144cy stolicy. Z ramienia Okr\u0119gu Mazowieckiego PZD w posiedzeniu &hellip; <\/p>\n<p class=\"link-more\"><a href=\"http:\/\/www.rod-rakowiec.pl\/?p=1302\" class=\"more-link\">Czytaj dalej<span class=\"screen-reader-text\"> \u201ePosiedzenie Komisji \u0141adu Przestrzennego Miasta st. Warszawy &#8211; 11.06.2024\u201d<\/span><\/a><\/p>\n","protected":false},"author":1,"featured_media":0,"comment_status":"closed","ping_status":"closed","sticky":false,"template":"","format":"standard","meta":{"footnotes":""},"categories":[1],"tags":[],"class_list":["post-1302","post","type-post","status-publish","format-standard","hentry","category-uncategorized"],"_links":{"self":[{"href":"http:\/\/www.rod-rakowiec.pl\/index.php?rest_route=\/wp\/v2\/posts\/1302","targetHints":{"allow":["GET"]}}],"collection":[{"href":"http:\/\/www.rod-rakowiec.pl\/index.php?rest_route=\/wp\/v2\/posts"}],"about":[{"href":"http:\/\/www.rod-rakowiec.pl\/index.php?rest_route=\/wp\/v2\/types\/post"}],"author":[{"embeddable":true,"href":"http:\/\/www.rod-rakowiec.pl\/index.php?rest_route=\/wp\/v2\/users\/1"}],"replies":[{"embeddable":true,"href":"http:\/\/www.rod-rakowiec.pl\/index.php?rest_route=%2Fwp%2Fv2%2Fcomments&post=1302"}],"version-history":[{"count":1,"href":"http:\/\/www.rod-rakowiec.pl\/index.php?rest_route=\/wp\/v2\/posts\/1302\/revisions"}],"predecessor-version":[{"id":1303,"href":"http:\/\/www.rod-rakowiec.pl\/index.php?rest_route=\/wp\/v2\/posts\/1302\/revisions\/1303"}],"wp:attachment":[{"href":"http:\/\/www.rod-rakowiec.pl\/index.php?rest_route=%2Fwp%2Fv2%2Fmedia&parent=1302"}],"wp:term":[{"taxonomy":"category","embeddable":true,"href":"http:\/\/www.rod-rakowiec.pl\/index.php?rest_route=%2Fwp%2Fv2%2Fcategories&post=1302"},{"taxonomy":"post_tag","embeddable":true,"href":"http:\/\/www.rod-rakowiec.pl\/index.php?rest_route=%2Fwp%2Fv2%2Ftags&post=1302"}],"curies":[{"name":"wp","href":"https:\/\/api.w.org\/{rel}","templated":true}]}}