{"id":1251,"date":"2023-10-15T12:37:08","date_gmt":"2023-10-15T12:37:08","guid":{"rendered":"http:\/\/www.rod-rakowiec.pl\/?p=1251"},"modified":"2023-10-18T07:41:11","modified_gmt":"2023-10-18T07:41:11","slug":"wpisy","status":"publish","type":"post","link":"http:\/\/www.rod-rakowiec.pl\/?p=1251","title":{"rendered":"Odci\u0119cie licznik\u00f3w elektrycznych"},"content":{"rendered":"\n<p>W zwi\u0105zku z nierozliczeniem energii elektrycznej za rok 2022 Zarz\u0105d ROD \u201eRakowiec\u201d od poniedzia\u0142ku, tj. 16 pa\u017adziernika 2023 r. rozpoczyna odcinanie licznik\u00f3w elektrycznych na dzia\u0142kach:<\/p>\n\n\n\n<p>54, 179, 204, 220, 244, 373, 396, 402, 404, 461, 465, 506, 517.<\/p>\n\n\n\n<p>Jednocze\u015bnie informujemy, \u017ce Dzia\u0142kowiec za odci\u0119cie licznika zgodnie z Uchwa\u0142\u0105 Konferencji Delegat\u00f3w zobligowany jest ui\u015bci\u0107 op\u0142at\u0119 w wysoko\u015bci 250 z\u0142, za przy\u0142\u0105czenie energii elektrycznej zobligowany jest wnie\u015b\u0107 op\u0142at\u0119 r\u00f3wnie\u017c w wysoko\u015bci 250 z\u0142. Przypominamy, \u017ce ka\u017cdy dzia\u0142kowiec zobowi\u0105zany jest dostarczy\u0107 informacj\u0119 o stanie licznika na dzie\u0144 31 pa\u017adziernika bie\u017c\u0105cego roku.<\/p>\n","protected":false},"excerpt":{"rendered":"<p>W zwi\u0105zku z nierozliczeniem energii elektrycznej za rok 2022 Zarz\u0105d ROD \u201eRakowiec\u201d od poniedzia\u0142ku, tj. 16 pa\u017adziernika 2023 r. rozpoczyna odcinanie licznik\u00f3w elektrycznych na dzia\u0142kach: 54, 179, 204, 220, 244, 373, 396, 402, 404, 461, 465, 506, 517. Jednocze\u015bnie informujemy, \u017ce Dzia\u0142kowiec za odci\u0119cie licznika zgodnie z Uchwa\u0142\u0105 Konferencji Delegat\u00f3w zobligowany jest ui\u015bci\u0107 op\u0142at\u0119 w &hellip; <\/p>\n<p class=\"link-more\"><a href=\"http:\/\/www.rod-rakowiec.pl\/?p=1251\" class=\"more-link\">Czytaj dalej<span class=\"screen-reader-text\"> \u201eOdci\u0119cie licznik\u00f3w elektrycznych\u201d<\/span><\/a><\/p>\n","protected":false},"author":1,"featured_media":0,"comment_status":"closed","ping_status":"closed","sticky":false,"template":"","format":"standard","meta":{"footnotes":""},"categories":[1],"tags":[],"class_list":["post-1251","post","type-post","status-publish","format-standard","hentry","category-uncategorized"],"_links":{"self":[{"href":"http:\/\/www.rod-rakowiec.pl\/index.php?rest_route=\/wp\/v2\/posts\/1251","targetHints":{"allow":["GET"]}}],"collection":[{"href":"http:\/\/www.rod-rakowiec.pl\/index.php?rest_route=\/wp\/v2\/posts"}],"about":[{"href":"http:\/\/www.rod-rakowiec.pl\/index.php?rest_route=\/wp\/v2\/types\/post"}],"author":[{"embeddable":true,"href":"http:\/\/www.rod-rakowiec.pl\/index.php?rest_route=\/wp\/v2\/users\/1"}],"replies":[{"embeddable":true,"href":"http:\/\/www.rod-rakowiec.pl\/index.php?rest_route=%2Fwp%2Fv2%2Fcomments&post=1251"}],"version-history":[{"count":5,"href":"http:\/\/www.rod-rakowiec.pl\/index.php?rest_route=\/wp\/v2\/posts\/1251\/revisions"}],"predecessor-version":[{"id":1260,"href":"http:\/\/www.rod-rakowiec.pl\/index.php?rest_route=\/wp\/v2\/posts\/1251\/revisions\/1260"}],"wp:attachment":[{"href":"http:\/\/www.rod-rakowiec.pl\/index.php?rest_route=%2Fwp%2Fv2%2Fmedia&parent=1251"}],"wp:term":[{"taxonomy":"category","embeddable":true,"href":"http:\/\/www.rod-rakowiec.pl\/index.php?rest_route=%2Fwp%2Fv2%2Fcategories&post=1251"},{"taxonomy":"post_tag","embeddable":true,"href":"http:\/\/www.rod-rakowiec.pl\/index.php?rest_route=%2Fwp%2Fv2%2Ftags&post=1251"}],"curies":[{"name":"wp","href":"https:\/\/api.w.org\/{rel}","templated":true}]}}