{"id":1240,"date":"2023-09-22T07:35:51","date_gmt":"2023-09-22T07:35:51","guid":{"rendered":"http:\/\/www.rod-rakowiec.pl\/?p=1240"},"modified":"2023-09-22T07:38:13","modified_gmt":"2023-09-22T07:38:13","slug":"wazna-informacja","status":"publish","type":"post","link":"http:\/\/www.rod-rakowiec.pl\/?p=1240","title":{"rendered":"WA\u017bNA INFORMACJA"},"content":{"rendered":"\n<p>Informujemy, \u017ce Rada m.st. Warszawy w dniu 21 wrze\u015bnia 2023 r. podj\u0119\u0142a uchwa\u0142\u0119 zatwierdzaj\u0105c\u0105 miejscowy plan zagospodarowania przestrzennego dotycz\u0105cy mi\u0119dzy innymi obszaru naszego ogrodu. Pragniemy poinformowa\u0107, \u017ce wed\u0142ug zapisu planu dzia\u0142ki w naszym ogrodzie <strong><u>nie s\u0105 zagro\u017cone likwidacj\u0105<\/u>.<\/strong><\/p>\n\n\n\n<p class=\"has-text-align-right\"><strong>\u00a0\u00a0\u00a0\u00a0\u00a0\u00a0\u00a0\u00a0\u00a0\u00a0\u00a0\u00a0\u00a0\u00a0\u00a0\u00a0\u00a0\u00a0\u00a0\u00a0\u00a0\u00a0\u00a0\u00a0\u00a0\u00a0\u00a0\u00a0\u00a0\u00a0\u00a0\u00a0\u00a0\u00a0\u00a0\u00a0\u00a0\u00a0\u00a0\u00a0\u00a0\u00a0\u00a0\u00a0\u00a0\u00a0\u00a0\u00a0\u00a0\u00a0\u00a0\u00a0\u00a0\u00a0\u00a0\u00a0\u00a0\u00a0 Zarz\u0105d ROD Rakowiec<\/strong><\/p>\n","protected":false},"excerpt":{"rendered":"<p>Informujemy, \u017ce Rada m.st. Warszawy w dniu 21 wrze\u015bnia 2023 r. podj\u0119\u0142a uchwa\u0142\u0119 zatwierdzaj\u0105c\u0105 miejscowy plan zagospodarowania przestrzennego dotycz\u0105cy mi\u0119dzy innymi obszaru naszego ogrodu. Pragniemy poinformowa\u0107, \u017ce wed\u0142ug zapisu planu dzia\u0142ki w naszym ogrodzie nie s\u0105 zagro\u017cone likwidacj\u0105. \u00a0\u00a0\u00a0\u00a0\u00a0\u00a0\u00a0\u00a0\u00a0\u00a0\u00a0\u00a0\u00a0\u00a0\u00a0\u00a0\u00a0\u00a0\u00a0\u00a0\u00a0\u00a0\u00a0\u00a0\u00a0\u00a0\u00a0\u00a0\u00a0\u00a0\u00a0\u00a0\u00a0\u00a0\u00a0\u00a0\u00a0\u00a0\u00a0\u00a0\u00a0\u00a0\u00a0\u00a0\u00a0\u00a0\u00a0\u00a0\u00a0\u00a0\u00a0\u00a0\u00a0\u00a0\u00a0\u00a0\u00a0\u00a0 Zarz\u0105d ROD Rakowiec<\/p>\n","protected":false},"author":1,"featured_media":0,"comment_status":"closed","ping_status":"closed","sticky":false,"template":"","format":"standard","meta":{"footnotes":""},"categories":[1],"tags":[],"class_list":["post-1240","post","type-post","status-publish","format-standard","hentry","category-uncategorized"],"_links":{"self":[{"href":"http:\/\/www.rod-rakowiec.pl\/index.php?rest_route=\/wp\/v2\/posts\/1240","targetHints":{"allow":["GET"]}}],"collection":[{"href":"http:\/\/www.rod-rakowiec.pl\/index.php?rest_route=\/wp\/v2\/posts"}],"about":[{"href":"http:\/\/www.rod-rakowiec.pl\/index.php?rest_route=\/wp\/v2\/types\/post"}],"author":[{"embeddable":true,"href":"http:\/\/www.rod-rakowiec.pl\/index.php?rest_route=\/wp\/v2\/users\/1"}],"replies":[{"embeddable":true,"href":"http:\/\/www.rod-rakowiec.pl\/index.php?rest_route=%2Fwp%2Fv2%2Fcomments&post=1240"}],"version-history":[{"count":2,"href":"http:\/\/www.rod-rakowiec.pl\/index.php?rest_route=\/wp\/v2\/posts\/1240\/revisions"}],"predecessor-version":[{"id":1244,"href":"http:\/\/www.rod-rakowiec.pl\/index.php?rest_route=\/wp\/v2\/posts\/1240\/revisions\/1244"}],"wp:attachment":[{"href":"http:\/\/www.rod-rakowiec.pl\/index.php?rest_route=%2Fwp%2Fv2%2Fmedia&parent=1240"}],"wp:term":[{"taxonomy":"category","embeddable":true,"href":"http:\/\/www.rod-rakowiec.pl\/index.php?rest_route=%2Fwp%2Fv2%2Fcategories&post=1240"},{"taxonomy":"post_tag","embeddable":true,"href":"http:\/\/www.rod-rakowiec.pl\/index.php?rest_route=%2Fwp%2Fv2%2Ftags&post=1240"}],"curies":[{"name":"wp","href":"https:\/\/api.w.org\/{rel}","templated":true}]}}