{"id":1237,"date":"2023-09-19T08:03:30","date_gmt":"2023-09-19T08:03:30","guid":{"rendered":"http:\/\/www.rod-rakowiec.pl\/?p=1237"},"modified":"2023-09-19T08:03:30","modified_gmt":"2023-09-19T08:03:30","slug":"komunikat-w-sprawie-jesiennego-przegladu-dzialek","status":"publish","type":"post","link":"http:\/\/www.rod-rakowiec.pl\/?p=1237","title":{"rendered":"Komunikat w sprawie jesiennego przegl\u0105du dzia\u0142ek"},"content":{"rendered":"\n<p>Zarz\u0105d ROD Rakowiec informuje, \u017ce termin jesiennego przegl\u0105du dzia\u0142ek ustalono na 7 pa\u017adziernika 2023 r. (sobota) albo, w przypadku z\u0142ej pogody,\u00a0w dniu nast\u0119pnym, tj. 8 pa\u017adziernika 2023 r. (niedziela). Dzia\u0142ki b\u0119d\u0105 oceniane na podstawie nowych kryteri\u00f3w.<\/p>\n\n\n\n<p>Apelujemy o zg\u0142aszanie si\u0119 ch\u0119tnych dzia\u0142kowc\u00f3w do udzia\u0142u w Komisjach ds Oceny Dzia\u0142ek pod nr telefonu 22&nbsp;849 02 83 (w niedziel\u0119 w godz. 11-14) lub mailowo:&nbsp;<a href=\"mailto:rodrakowiec@interia.pl\" rel=\"noreferrer noopener\" target=\"_blank\">rodrakowiec@interia.pl<\/a>.<\/p>\n\n\n\n<p>Liczymy na wsp\u00f3\u0142prac\u0119 dzia\u0142kowc\u00f3w.<\/p>\n\n\n\n<div data-wp-interactive=\"core\/file\" class=\"wp-block-file\"><object data-wp-bind--hidden=\"!state.hasPdfPreview\" hidden class=\"wp-block-file__embed\" data=\"http:\/\/www.rod-rakowiec.pl\/wp-content\/uploads\/2023\/09\/Kryteria-oceny-dzialki-w-ROD-Rakowiec.pdf\" type=\"application\/pdf\" style=\"width:100%;height:600px\" aria-label=\"Osadzone z Kryteria-oceny-dzialki-w-ROD-Rakowiec.\"><\/object><a id=\"wp-block-file--media-29c0de79-c775-4e2f-a955-a51e25432bb5\" href=\"http:\/\/www.rod-rakowiec.pl\/wp-content\/uploads\/2023\/09\/Kryteria-oceny-dzialki-w-ROD-Rakowiec.pdf\">Kryteria-oceny-dzialki-w-ROD-Rakowiec<\/a><a href=\"http:\/\/www.rod-rakowiec.pl\/wp-content\/uploads\/2023\/09\/Kryteria-oceny-dzialki-w-ROD-Rakowiec.pdf\" class=\"wp-block-file__button wp-element-button\" download aria-describedby=\"wp-block-file--media-29c0de79-c775-4e2f-a955-a51e25432bb5\">Pobierz<\/a><\/div>\n\n\n\n<p><\/p>\n","protected":false},"excerpt":{"rendered":"<p>Zarz\u0105d ROD Rakowiec informuje, \u017ce termin jesiennego przegl\u0105du dzia\u0142ek ustalono na 7 pa\u017adziernika 2023 r. (sobota) albo, w przypadku z\u0142ej pogody,\u00a0w dniu nast\u0119pnym, tj. 8 pa\u017adziernika 2023 r. (niedziela). Dzia\u0142ki b\u0119d\u0105 oceniane na podstawie nowych kryteri\u00f3w. Apelujemy o zg\u0142aszanie si\u0119 ch\u0119tnych dzia\u0142kowc\u00f3w do udzia\u0142u w Komisjach ds Oceny Dzia\u0142ek pod nr telefonu 22&nbsp;849 02 83 &hellip; <\/p>\n<p class=\"link-more\"><a href=\"http:\/\/www.rod-rakowiec.pl\/?p=1237\" class=\"more-link\">Czytaj dalej<span class=\"screen-reader-text\"> \u201eKomunikat w sprawie jesiennego przegl\u0105du dzia\u0142ek\u201d<\/span><\/a><\/p>\n","protected":false},"author":1,"featured_media":0,"comment_status":"closed","ping_status":"closed","sticky":false,"template":"","format":"standard","meta":{"footnotes":""},"categories":[1],"tags":[],"class_list":["post-1237","post","type-post","status-publish","format-standard","hentry","category-uncategorized"],"_links":{"self":[{"href":"http:\/\/www.rod-rakowiec.pl\/index.php?rest_route=\/wp\/v2\/posts\/1237","targetHints":{"allow":["GET"]}}],"collection":[{"href":"http:\/\/www.rod-rakowiec.pl\/index.php?rest_route=\/wp\/v2\/posts"}],"about":[{"href":"http:\/\/www.rod-rakowiec.pl\/index.php?rest_route=\/wp\/v2\/types\/post"}],"author":[{"embeddable":true,"href":"http:\/\/www.rod-rakowiec.pl\/index.php?rest_route=\/wp\/v2\/users\/1"}],"replies":[{"embeddable":true,"href":"http:\/\/www.rod-rakowiec.pl\/index.php?rest_route=%2Fwp%2Fv2%2Fcomments&post=1237"}],"version-history":[{"count":1,"href":"http:\/\/www.rod-rakowiec.pl\/index.php?rest_route=\/wp\/v2\/posts\/1237\/revisions"}],"predecessor-version":[{"id":1239,"href":"http:\/\/www.rod-rakowiec.pl\/index.php?rest_route=\/wp\/v2\/posts\/1237\/revisions\/1239"}],"wp:attachment":[{"href":"http:\/\/www.rod-rakowiec.pl\/index.php?rest_route=%2Fwp%2Fv2%2Fmedia&parent=1237"}],"wp:term":[{"taxonomy":"category","embeddable":true,"href":"http:\/\/www.rod-rakowiec.pl\/index.php?rest_route=%2Fwp%2Fv2%2Fcategories&post=1237"},{"taxonomy":"post_tag","embeddable":true,"href":"http:\/\/www.rod-rakowiec.pl\/index.php?rest_route=%2Fwp%2Fv2%2Ftags&post=1237"}],"curies":[{"name":"wp","href":"https:\/\/api.w.org\/{rel}","templated":true}]}}