{"id":1068,"date":"2023-06-05T14:37:19","date_gmt":"2023-06-05T14:37:19","guid":{"rendered":"http:\/\/www.rod-rakowiec.pl\/?p=1068"},"modified":"2023-06-06T08:23:52","modified_gmt":"2023-06-06T08:23:52","slug":"zaproszenie-na-posiedzenie-rady-mokotowa","status":"publish","type":"post","link":"http:\/\/www.rod-rakowiec.pl\/?p=1068","title":{"rendered":"Uwaga!"},"content":{"rendered":"\n<p><strong>Dotyczy miejscowego planu zagospodarowania przestrzennego okolicy naszego ogrodu<\/strong><\/p>\n\n\n\n<ol class=\"wp-block-list\">\n<li>Zosta\u0142o zwo\u0142ane posiedzenie Komisji \u0141adu Przestrzennego Rady Dzielnicy Mokot\u00f3w m.st. Warszawy na dzie\u0144 12 czerwca 2023r. godz. 17.00\u00a0w zdalnym trybie obradowania\u00a0przy u\u017cyciu aplikacji Cisco\u00a0Webex\u00a0Meetings.<\/li>\n\n\n\n<li>Aby do\u0142\u0105czy\u0107 do zdalnych obrad Komisji prosz\u0119 u\u017cy\u0107 nast\u0119puj\u0105cego numeru:\u00a0<strong>2741 822 0196,\u00a0<\/strong>ewentualnie skorzysta\u0107 z <strong>https:\/\/umwarszawa.webex.com\/meet\/radamokotow<\/strong> <strong><u>WA\u017bNE:<\/u><\/strong> Osoby, kt\u00f3re chc\u0105\u00a0uczestniczy\u0107 w zdalnych obradach Komisji, musz\u0105 skontaktowa\u0107 si\u0119 z\u00a0<strong>ktwarowski@um.warszawa.pl<\/strong> w celu wype\u0142nienia o\u015bwiadczenia o przetwarzaniu danych osobowych<\/li>\n\n\n\n<li>Na 13 czerwca 2023 r. prawdopodobnie zostanie zwo\u0142ana Sesja Rady Dzielnicy Mokot\u00f3w\u00a0m.st. Warszawy godz. 16.00. Zwyczajowo odbywa si\u0119 stacjonarnie, w Centrum Kultury &#8222;\u0141owicka&#8221; przy ul. \u0141owickiej 21.<\/li>\n<\/ol>\n\n\n\n<p>Na sesji ma by\u0107 zatwierdzana opinia Komisji \u0141adu Przestrzennego Dzielnicy Mokot\u00f3w w sprawie mpzp okolicy naszego ogrodu.<\/p>\n\n\n\n<p><strong>Zapraszamy do wzi\u0119cia udzia\u0142y w dyskusji w dniu 12 i 13 czerwca. Wyra\u017amy nasze zdanie Pa\u0144stwu Radnym o przedstawionym projekcie mpzp.<\/strong><strong><\/strong><\/p>\n\n\n\n<p><\/p>\n\n\n\n<p><\/p>\n","protected":false},"excerpt":{"rendered":"<p>Dotyczy miejscowego planu zagospodarowania przestrzennego okolicy naszego ogrodu Na sesji ma by\u0107 zatwierdzana opinia Komisji \u0141adu Przestrzennego Dzielnicy Mokot\u00f3w w sprawie mpzp okolicy naszego ogrodu. Zapraszamy do wzi\u0119cia udzia\u0142y w dyskusji w dniu 12 i 13 czerwca. Wyra\u017amy nasze zdanie Pa\u0144stwu Radnym o przedstawionym projekcie mpzp.<\/p>\n","protected":false},"author":1,"featured_media":0,"comment_status":"closed","ping_status":"closed","sticky":false,"template":"","format":"standard","meta":{"footnotes":""},"categories":[1],"tags":[],"class_list":["post-1068","post","type-post","status-publish","format-standard","hentry","category-uncategorized"],"_links":{"self":[{"href":"http:\/\/www.rod-rakowiec.pl\/index.php?rest_route=\/wp\/v2\/posts\/1068","targetHints":{"allow":["GET"]}}],"collection":[{"href":"http:\/\/www.rod-rakowiec.pl\/index.php?rest_route=\/wp\/v2\/posts"}],"about":[{"href":"http:\/\/www.rod-rakowiec.pl\/index.php?rest_route=\/wp\/v2\/types\/post"}],"author":[{"embeddable":true,"href":"http:\/\/www.rod-rakowiec.pl\/index.php?rest_route=\/wp\/v2\/users\/1"}],"replies":[{"embeddable":true,"href":"http:\/\/www.rod-rakowiec.pl\/index.php?rest_route=%2Fwp%2Fv2%2Fcomments&post=1068"}],"version-history":[{"count":4,"href":"http:\/\/www.rod-rakowiec.pl\/index.php?rest_route=\/wp\/v2\/posts\/1068\/revisions"}],"predecessor-version":[{"id":1072,"href":"http:\/\/www.rod-rakowiec.pl\/index.php?rest_route=\/wp\/v2\/posts\/1068\/revisions\/1072"}],"wp:attachment":[{"href":"http:\/\/www.rod-rakowiec.pl\/index.php?rest_route=%2Fwp%2Fv2%2Fmedia&parent=1068"}],"wp:term":[{"taxonomy":"category","embeddable":true,"href":"http:\/\/www.rod-rakowiec.pl\/index.php?rest_route=%2Fwp%2Fv2%2Fcategories&post=1068"},{"taxonomy":"post_tag","embeddable":true,"href":"http:\/\/www.rod-rakowiec.pl\/index.php?rest_route=%2Fwp%2Fv2%2Ftags&post=1068"}],"curies":[{"name":"wp","href":"https:\/\/api.w.org\/{rel}","templated":true}]}}