{"id":1056,"date":"2023-05-17T18:51:34","date_gmt":"2023-05-17T18:51:34","guid":{"rendered":"http:\/\/www.rod-rakowiec.pl\/?p=1056"},"modified":"2023-05-17T18:51:34","modified_gmt":"2023-05-17T18:51:34","slug":"wiosenny-przeglad-dzialek-rod-rakowiec","status":"publish","type":"post","link":"http:\/\/www.rod-rakowiec.pl\/?p=1056","title":{"rendered":"Wiosenny przegl\u0105d dzia\u0142ek ROD Rakowiec"},"content":{"rendered":"\n<p>W sobot\u0119 13 maja 2023 r. zosta\u0142 przeprowadzony wiosenny przegl\u0105d dzia\u0142ek w ROD Rakowiec. Wyniki przegl\u0105du zostan\u0105 przekazane do wiadomo\u015bci dzia\u0142kowc\u00f3w bezpo\u015brednio po podliczeniu i opracowaniu ustale\u0144 komisji ze wszystkich rejon\u00f3w. Informacj\u0119 zamie\u015bcimy na tablicach og\u0142osze\u0144 oraz na stronie internetowej Ogrodu.&nbsp;&nbsp;&nbsp;&nbsp;&nbsp;<\/p>\n\n\n\n<p>Przeprowadzane w okresie wiosennym i jesiennym przegl\u0105dy nie tylko mobilizuj\u0105 dzia\u0142kowc\u00f3w do dbania o ro\u015blinno\u015b\u0107 uprawian\u0105 na dzia\u0142ce, jej wygl\u0105d i estetyk\u0119, ale r\u00f3wnie\u017c s\u0105 podstaw\u0105 do zwr\u00f3cenia uwagi tym dzia\u0142kowcom, kt\u00f3rzy dzia\u0142k\u0119 zaniedbali albo u\u017cytkuj\u0105 j\u0105 niezgodnie z ustaw\u0105 i Regulaminem.<\/p>\n\n\n\n<p>Liczymy, \u017ce mimo pandemii wyniki przegl\u0105du b\u0119d\u0105 pozytywne dla wi\u0119kszo\u015bci dzia\u0142kowc\u00f3w.<\/p>\n","protected":false},"excerpt":{"rendered":"<p>W sobot\u0119 13 maja 2023 r. zosta\u0142 przeprowadzony wiosenny przegl\u0105d dzia\u0142ek w ROD Rakowiec. Wyniki przegl\u0105du zostan\u0105 przekazane do wiadomo\u015bci dzia\u0142kowc\u00f3w bezpo\u015brednio po podliczeniu i opracowaniu ustale\u0144 komisji ze wszystkich rejon\u00f3w. Informacj\u0119 zamie\u015bcimy na tablicach og\u0142osze\u0144 oraz na stronie internetowej Ogrodu.&nbsp;&nbsp;&nbsp;&nbsp;&nbsp; Przeprowadzane w okresie wiosennym i jesiennym przegl\u0105dy nie tylko mobilizuj\u0105 dzia\u0142kowc\u00f3w do dbania o &hellip; <\/p>\n<p class=\"link-more\"><a href=\"http:\/\/www.rod-rakowiec.pl\/?p=1056\" class=\"more-link\">Czytaj dalej<span class=\"screen-reader-text\"> \u201eWiosenny przegl\u0105d dzia\u0142ek ROD Rakowiec\u201d<\/span><\/a><\/p>\n","protected":false},"author":1,"featured_media":0,"comment_status":"closed","ping_status":"closed","sticky":false,"template":"","format":"standard","meta":{"footnotes":""},"categories":[1],"tags":[],"class_list":["post-1056","post","type-post","status-publish","format-standard","hentry","category-uncategorized"],"_links":{"self":[{"href":"http:\/\/www.rod-rakowiec.pl\/index.php?rest_route=\/wp\/v2\/posts\/1056","targetHints":{"allow":["GET"]}}],"collection":[{"href":"http:\/\/www.rod-rakowiec.pl\/index.php?rest_route=\/wp\/v2\/posts"}],"about":[{"href":"http:\/\/www.rod-rakowiec.pl\/index.php?rest_route=\/wp\/v2\/types\/post"}],"author":[{"embeddable":true,"href":"http:\/\/www.rod-rakowiec.pl\/index.php?rest_route=\/wp\/v2\/users\/1"}],"replies":[{"embeddable":true,"href":"http:\/\/www.rod-rakowiec.pl\/index.php?rest_route=%2Fwp%2Fv2%2Fcomments&post=1056"}],"version-history":[{"count":1,"href":"http:\/\/www.rod-rakowiec.pl\/index.php?rest_route=\/wp\/v2\/posts\/1056\/revisions"}],"predecessor-version":[{"id":1057,"href":"http:\/\/www.rod-rakowiec.pl\/index.php?rest_route=\/wp\/v2\/posts\/1056\/revisions\/1057"}],"wp:attachment":[{"href":"http:\/\/www.rod-rakowiec.pl\/index.php?rest_route=%2Fwp%2Fv2%2Fmedia&parent=1056"}],"wp:term":[{"taxonomy":"category","embeddable":true,"href":"http:\/\/www.rod-rakowiec.pl\/index.php?rest_route=%2Fwp%2Fv2%2Fcategories&post=1056"},{"taxonomy":"post_tag","embeddable":true,"href":"http:\/\/www.rod-rakowiec.pl\/index.php?rest_route=%2Fwp%2Fv2%2Ftags&post=1056"}],"curies":[{"name":"wp","href":"https:\/\/api.w.org\/{rel}","templated":true}]}}