{"id":1005,"date":"2023-04-04T19:38:00","date_gmt":"2023-04-04T19:38:00","guid":{"rendered":"http:\/\/www.rod-rakowiec.pl\/?p=1005"},"modified":"2023-04-04T19:42:53","modified_gmt":"2023-04-04T19:42:53","slug":"oplaty-za-odlaczenie-i-podlaczenie-energii-elektrycznej","status":"publish","type":"post","link":"http:\/\/www.rod-rakowiec.pl\/?p=1005","title":{"rendered":"OP\u0141ATY ZA OD\u0141\u0104CZENIE I POD\u0141\u0104CZENIE ENERGII ELEKTRYCZNEJ"},"content":{"rendered":"\n<h4 class=\"wp-block-heading\">Decyzj\u0105 Konferencji Delegat\u00f3w w ROD Rakowiec wprowadzone zosta\u0142y op\u0142aty za od\u0142\u0105czenie energii elektrycznej osobom uchylaj\u0105cym si\u0119 od op\u0142at przez okres d\u0142u\u017cszy ni\u017c sze\u015b\u0107 miesi\u0119cy od ko\u0144ca okresu rozliczeniowego oraz ponowne jej pod\u0142\u0105czenie do dzia\u0142ek.<\/h4>\n\n\n\n<p>Op\u0142ata za od\u0142\u0105czenie energii elektrycznej w zwi\u0105zku z nieterminowym regulowaniem op\u0142at za energi\u0119 wynosi 250 z\u0142, op\u0142ata za ponowne przy\u0142\u0105czenie energii elektrycznej po op\u0142aceniu zaleg\u0142o\u015bci wynosi 250 z\u0142.<\/p>\n","protected":false},"excerpt":{"rendered":"<p>Decyzj\u0105 Konferencji Delegat\u00f3w w ROD Rakowiec wprowadzone zosta\u0142y op\u0142aty za od\u0142\u0105czenie energii elektrycznej osobom uchylaj\u0105cym si\u0119 od op\u0142at przez okres d\u0142u\u017cszy ni\u017c sze\u015b\u0107 miesi\u0119cy od ko\u0144ca okresu rozliczeniowego oraz ponowne jej pod\u0142\u0105czenie do dzia\u0142ek. Op\u0142ata za od\u0142\u0105czenie energii elektrycznej w zwi\u0105zku z nieterminowym regulowaniem op\u0142at za energi\u0119 wynosi 250 z\u0142, op\u0142ata za ponowne przy\u0142\u0105czenie energii &hellip; <\/p>\n<p class=\"link-more\"><a href=\"http:\/\/www.rod-rakowiec.pl\/?p=1005\" class=\"more-link\">Czytaj dalej<span class=\"screen-reader-text\"> \u201eOP\u0141ATY ZA OD\u0141\u0104CZENIE I POD\u0141\u0104CZENIE ENERGII ELEKTRYCZNEJ\u201d<\/span><\/a><\/p>\n","protected":false},"author":1,"featured_media":0,"comment_status":"closed","ping_status":"closed","sticky":false,"template":"","format":"standard","meta":{"footnotes":""},"categories":[1],"tags":[],"class_list":["post-1005","post","type-post","status-publish","format-standard","hentry","category-uncategorized"],"_links":{"self":[{"href":"http:\/\/www.rod-rakowiec.pl\/index.php?rest_route=\/wp\/v2\/posts\/1005","targetHints":{"allow":["GET"]}}],"collection":[{"href":"http:\/\/www.rod-rakowiec.pl\/index.php?rest_route=\/wp\/v2\/posts"}],"about":[{"href":"http:\/\/www.rod-rakowiec.pl\/index.php?rest_route=\/wp\/v2\/types\/post"}],"author":[{"embeddable":true,"href":"http:\/\/www.rod-rakowiec.pl\/index.php?rest_route=\/wp\/v2\/users\/1"}],"replies":[{"embeddable":true,"href":"http:\/\/www.rod-rakowiec.pl\/index.php?rest_route=%2Fwp%2Fv2%2Fcomments&post=1005"}],"version-history":[{"count":4,"href":"http:\/\/www.rod-rakowiec.pl\/index.php?rest_route=\/wp\/v2\/posts\/1005\/revisions"}],"predecessor-version":[{"id":1009,"href":"http:\/\/www.rod-rakowiec.pl\/index.php?rest_route=\/wp\/v2\/posts\/1005\/revisions\/1009"}],"wp:attachment":[{"href":"http:\/\/www.rod-rakowiec.pl\/index.php?rest_route=%2Fwp%2Fv2%2Fmedia&parent=1005"}],"wp:term":[{"taxonomy":"category","embeddable":true,"href":"http:\/\/www.rod-rakowiec.pl\/index.php?rest_route=%2Fwp%2Fv2%2Fcategories&post=1005"},{"taxonomy":"post_tag","embeddable":true,"href":"http:\/\/www.rod-rakowiec.pl\/index.php?rest_route=%2Fwp%2Fv2%2Ftags&post=1005"}],"curies":[{"name":"wp","href":"https:\/\/api.w.org\/{rel}","templated":true}]}}